{"id":24134,"date":"2025-11-03T03:04:00","date_gmt":"2025-11-03T09:04:00","guid":{"rendered":"https:\/\/cronicadesoledad.com\/?p=24134"},"modified":"2025-11-03T00:47:42","modified_gmt":"2025-11-03T06:47:42","slug":"santiago-fue-vinculado-a-proceso-y-un-menor-se-entrego-por-violacion-en-la-facultad-de-derecho","status":"publish","type":"post","link":"https:\/\/cronicadesoledad.com\/index.php\/2025\/11\/03\/santiago-fue-vinculado-a-proceso-y-un-menor-se-entrego-por-violacion-en-la-facultad-de-derecho\/","title":{"rendered":"Santiago fue vinculado a proceso y un menor se entreg\u00f3 por violaci\u00f3n en la Facultad de Derecho"},"content":{"rendered":"\n<p>La Fiscal\u00eda General del Estado de San Luis Potos\u00ed (FGESLP) inform\u00f3 que un juez de control dict\u00f3 auto de vinculaci\u00f3n a proceso contra Santiago N., acusado del delito de violaci\u00f3n equiparada agravada, derivado de los hechos ocurridos dentro de la Facultad de Derecho \u201cAbogado Ponciano Arriaga Leija\u201d de la Universidad Aut\u00f3noma de San Luis Potos\u00ed (UASLP).<\/p>\n\n\n\n<p>La resoluci\u00f3n judicial fue emitida el lunes 27 de octubre, luego de que el Ministerio P\u00fablico presentara pruebas que acreditan la probable responsabilidad del imputado en la agresi\u00f3n sexual cometida contra una estudiante. Debido a la gravedad del delito, el juez orden\u00f3 prisi\u00f3n preventiva oficiosa, por lo que el acusado permanecer\u00e1 recluido en el Centro de Reinserci\u00f3n Social de La Pila mientras contin\u00faa el juicio.<\/p>\n\n\n\n<p>D\u00edas despu\u00e9s, un segundo implicado se entreg\u00f3 voluntariamente ante las autoridades judiciales. El sujeto, menor de edad, compareci\u00f3 ante un juez especializado en justicia para adolescentes, quedando vinculado a proceso por violaci\u00f3n espec\u00edfica con agravantes. Seg\u00fan las investigaciones, este joven manten\u00eda una relaci\u00f3n cercana con Santiago N. y habr\u00eda participado directamente en el ataque ocurrido el 17 de octubre dentro de las instalaciones de la Federaci\u00f3n Universitaria Potosina (FUP), en la propia Facultad de Derecho.<\/p>\n\n\n\n<p>Fuentes consultadas se\u00f1alaron que ambos detenidos habr\u00edan tenido v\u00ednculos con el partido Morena. El menor de edad habr\u00eda fungido como coordinador estatal de J\u00f3venes de Morena, cargo que fue eliminado de las redes sociales del partido tras darse a conocer el caso, aunque capturas de pantalla confirman la publicaci\u00f3n original.<\/p>\n\n\n\n<p>El ataque contra la estudiante de 18 a\u00f1os gener\u00f3 una profunda indignaci\u00f3n en la comunidad universitaria y potosina. Estudiantes y colectivos feministas mantienen protestas y exigencias de justicia, as\u00ed como sanciones ejemplares para los responsables. La UASLP, en coordinaci\u00f3n con autoridades estatales, activ\u00f3 mecanismos de acompa\u00f1amiento psicol\u00f3gico y asesor\u00eda legal para la v\u00edctima, adem\u00e1s de reforzar los protocolos de seguridad y atenci\u00f3n a la violencia de g\u00e9nero.<\/p>\n\n\n\n<p>La Fiscal\u00eda estatal contin\u00faa con las investigaciones para ubicar a un tercer presunto implicado, quien permanece pr\u00f3fugo. Se solicit\u00f3 la colaboraci\u00f3n de fiscal\u00edas de otras entidades para su localizaci\u00f3n y detenci\u00f3n, con el objetivo de garantizar justicia y cerrar completamente el caso.<\/p>\n","protected":false},"excerpt":{"rendered":"<p>La Fiscal\u00eda General del Estado de San Luis Potos\u00ed (FGESLP) inform\u00f3 que un juez de control dict\u00f3 auto de vinculaci\u00f3n a proceso contra Santiago N., acusado del delito de violaci\u00f3n equiparada agravada, derivado de los hechos ocurridos dentro de la Facultad de Derecho \u201cAbogado Ponciano Arriaga Leija\u201d de la Universidad Aut\u00f3noma de San Luis Potos\u00ed [&hellip;]<\/p>\n","protected":false},"author":2,"featured_media":24135,"comment_status":"open","ping_status":"open","sticky":false,"template":"","format":"standard","meta":{"footnotes":""},"categories":[1,24,19],"tags":[1503,4119,287,294,276,261],"class_list":{"0":"post-24134","1":"post","2":"type-post","3":"status-publish","4":"format-standard","5":"has-post-thumbnail","7":"category-destacadas","8":"category-informacion-general","9":"category-seguridad","10":"tag-detenido","11":"tag-facultad-de-derecho","12":"tag-nacional","13":"tag-san-luis","14":"tag-seguridad","15":"tag-slp"},"_links":{"self":[{"href":"https:\/\/cronicadesoledad.com\/index.php\/wp-json\/wp\/v2\/posts\/24134","targetHints":{"allow":["GET"]}}],"collection":[{"href":"https:\/\/cronicadesoledad.com\/index.php\/wp-json\/wp\/v2\/posts"}],"about":[{"href":"https:\/\/cronicadesoledad.com\/index.php\/wp-json\/wp\/v2\/types\/post"}],"author":[{"embeddable":true,"href":"https:\/\/cronicadesoledad.com\/index.php\/wp-json\/wp\/v2\/users\/2"}],"replies":[{"embeddable":true,"href":"https:\/\/cronicadesoledad.com\/index.php\/wp-json\/wp\/v2\/comments?post=24134"}],"version-history":[{"count":1,"href":"https:\/\/cronicadesoledad.com\/index.php\/wp-json\/wp\/v2\/posts\/24134\/revisions"}],"predecessor-version":[{"id":24136,"href":"https:\/\/cronicadesoledad.com\/index.php\/wp-json\/wp\/v2\/posts\/24134\/revisions\/24136"}],"wp:featuredmedia":[{"embeddable":true,"href":"https:\/\/cronicadesoledad.com\/index.php\/wp-json\/wp\/v2\/media\/24135"}],"wp:attachment":[{"href":"https:\/\/cronicadesoledad.com\/index.php\/wp-json\/wp\/v2\/media?parent=24134"}],"wp:term":[{"taxonomy":"category","embeddable":true,"href":"https:\/\/cronicadesoledad.com\/index.php\/wp-json\/wp\/v2\/categories?post=24134"},{"taxonomy":"post_tag","embeddable":true,"href":"https:\/\/cronicadesoledad.com\/index.php\/wp-json\/wp\/v2\/tags?post=24134"}],"curies":[{"name":"wp","href":"https:\/\/api.w.org\/{rel}","templated":true}]}}