{"id":24156,"date":"2025-11-03T22:39:42","date_gmt":"2025-11-04T04:39:42","guid":{"rendered":"https:\/\/cronicadesoledad.com\/?p=24156"},"modified":"2025-11-03T22:39:42","modified_gmt":"2025-11-04T04:39:42","slug":"dispositivo-municipal-informa-saldo-positivo-en-visita-a-panteones-de-soledad","status":"publish","type":"post","link":"https:\/\/cronicadesoledad.com\/index.php\/2025\/11\/03\/dispositivo-municipal-informa-saldo-positivo-en-visita-a-panteones-de-soledad\/","title":{"rendered":"Dispositivo municipal informa saldo positivo en visita a panteones de Soledad"},"content":{"rendered":"\n<p>Con resultados positivos en materia de <strong>seguridad, limpieza y actividad comercial<\/strong>, el <strong>Ayuntamiento de Soledad de Graciano S\u00e1nchez<\/strong> inform\u00f3 que las actividades con motivo del <strong>D\u00eda de Muertos<\/strong> concluyeron con <strong>saldo blanco<\/strong> en los panteones municipales y particulares. El operativo especial se desarroll\u00f3 del <strong>30 de octubre al 2 de noviembre<\/strong>, por instrucci\u00f3n del <strong>Alcalde Juan Manuel Navarro Mu\u00f1iz<\/strong>, garantizando un entorno seguro y organizado para las miles de familias que acudieron a rendir homenaje a sus seres queridos.<\/p>\n\n\n\n<p>El dispositivo cont\u00f3 con la participaci\u00f3n coordinada de la <strong>Guardia Civil Municipal<\/strong>, el <strong>Sistema Municipal de Protecci\u00f3n Civil<\/strong> y las <strong>Direcciones de Comercio y Servicios Municipales<\/strong>, quienes trabajaron de forma conjunta para mantener el orden y el bienestar de las y los visitantes. Elementos de <strong>Protecci\u00f3n Civil<\/strong> realizaron recorridos constantes para supervisar medidas de seguridad en los puestos de comida y venta de flores, verificando el uso correcto de tanques de gas menores a 20 kilos; mientras que <strong>Comercio Municipal<\/strong> revis\u00f3 la regularidad de los permisos de las instalaciones ambulantes.<\/p>\n\n\n\n<p>Asimismo, la <strong>Guardia Civil Municipal<\/strong> reforz\u00f3 la vigilancia en los accesos y zonas de mayor afluencia, asegurando la movilidad y protecci\u00f3n de peatones y automovilistas. Por su parte, la <strong>Direcci\u00f3n de Servicios Municipales<\/strong> report\u00f3 la <strong>recolecci\u00f3n de 23 toneladas de residuos<\/strong> en los panteones \u201cNuestra Se\u00f1ora del Refugio\u201d y \u201cEl Se\u00f1or de la Misericordia\u201d, como parte de las acciones de mantenimiento que se realizaron desde temprana hora.<\/p>\n\n\n\n<p>Con este operativo exitoso, el <strong>Gobierno Municipal de Soledad de Graciano S\u00e1nchez<\/strong> reafirma su compromiso de trabajar con <strong>cercan\u00eda, orden y responsabilidad<\/strong> en cada celebraci\u00f3n tradicional, garantizando <strong>entornos seguros, limpios y dignos<\/strong> que fortalecen la convivencia familiar y el respeto por las costumbres que dan identidad al municipio.<\/p>\n","protected":false},"excerpt":{"rendered":"<p>Con resultados positivos en materia de seguridad, limpieza y actividad comercial, el Ayuntamiento de Soledad de Graciano S\u00e1nchez inform\u00f3 que las actividades con motivo del D\u00eda de Muertos concluyeron con saldo blanco en los panteones municipales y particulares. El operativo especial se desarroll\u00f3 del 30 de octubre al 2 de noviembre, por instrucci\u00f3n del Alcalde [&hellip;]<\/p>\n","protected":false},"author":2,"featured_media":24157,"comment_status":"open","ping_status":"open","sticky":false,"template":"","format":"standard","meta":{"footnotes":""},"categories":[1,24,21],"tags":[223,294,261,27],"class_list":{"0":"post-24156","1":"post","2":"type-post","3":"status-publish","4":"format-standard","5":"has-post-thumbnail","7":"category-destacadas","8":"category-informacion-general","9":"category-tu-soledad","10":"tag-ayuntamiento-soledense","11":"tag-san-luis","12":"tag-slp","13":"tag-soledad"},"_links":{"self":[{"href":"https:\/\/cronicadesoledad.com\/index.php\/wp-json\/wp\/v2\/posts\/24156","targetHints":{"allow":["GET"]}}],"collection":[{"href":"https:\/\/cronicadesoledad.com\/index.php\/wp-json\/wp\/v2\/posts"}],"about":[{"href":"https:\/\/cronicadesoledad.com\/index.php\/wp-json\/wp\/v2\/types\/post"}],"author":[{"embeddable":true,"href":"https:\/\/cronicadesoledad.com\/index.php\/wp-json\/wp\/v2\/users\/2"}],"replies":[{"embeddable":true,"href":"https:\/\/cronicadesoledad.com\/index.php\/wp-json\/wp\/v2\/comments?post=24156"}],"version-history":[{"count":1,"href":"https:\/\/cronicadesoledad.com\/index.php\/wp-json\/wp\/v2\/posts\/24156\/revisions"}],"predecessor-version":[{"id":24158,"href":"https:\/\/cronicadesoledad.com\/index.php\/wp-json\/wp\/v2\/posts\/24156\/revisions\/24158"}],"wp:featuredmedia":[{"embeddable":true,"href":"https:\/\/cronicadesoledad.com\/index.php\/wp-json\/wp\/v2\/media\/24157"}],"wp:attachment":[{"href":"https:\/\/cronicadesoledad.com\/index.php\/wp-json\/wp\/v2\/media?parent=24156"}],"wp:term":[{"taxonomy":"category","embeddable":true,"href":"https:\/\/cronicadesoledad.com\/index.php\/wp-json\/wp\/v2\/categories?post=24156"},{"taxonomy":"post_tag","embeddable":true,"href":"https:\/\/cronicadesoledad.com\/index.php\/wp-json\/wp\/v2\/tags?post=24156"}],"curies":[{"name":"wp","href":"https:\/\/api.w.org\/{rel}","templated":true}]}}