{"id":24159,"date":"2025-11-03T22:41:30","date_gmt":"2025-11-04T04:41:30","guid":{"rendered":"https:\/\/cronicadesoledad.com\/?p=24159"},"modified":"2025-11-03T22:41:30","modified_gmt":"2025-11-04T04:41:30","slug":"municipio-de-soledad-llama-a-participar-en-campana-ecologica-de-recoleccion-de-basura-electronica","status":"publish","type":"post","link":"https:\/\/cronicadesoledad.com\/index.php\/2025\/11\/03\/municipio-de-soledad-llama-a-participar-en-campana-ecologica-de-recoleccion-de-basura-electronica\/","title":{"rendered":"Municipio de Soledad llama a participar en campa\u00f1a ecol\u00f3gica de recolecci\u00f3n de basura electr\u00f3nica"},"content":{"rendered":"\n<p>Con el objetivo de <strong>fortalecer la conciencia ambiental<\/strong> y promover la <strong>disposici\u00f3n responsable de residuos tecnol\u00f3gicos<\/strong>, el <strong>Ayuntamiento de Soledad de Graciano S\u00e1nchez<\/strong> mantiene activa la <strong>campa\u00f1a de recolecci\u00f3n de basura electr\u00f3nica<\/strong>, la cual busca reducir la contaminaci\u00f3n y fomentar la reforestaci\u00f3n. Siguiendo las instrucciones del <strong>Alcalde Juan Manuel Navarro Mu\u00f1iz<\/strong>, la <strong>Direcci\u00f3n de Ecolog\u00eda Municipal<\/strong> invita a la poblaci\u00f3n a sumarse a esta iniciativa que ofrece <strong>un arbolito a cambio de aparatos electr\u00f3nicos en desuso<\/strong>, como incentivo para cuidar el entorno.<\/p>\n\n\n\n<p>La titular de Ecolog\u00eda, <strong>Yazm\u00edn Luna Barrios<\/strong>, inform\u00f3 que durante esta temporada se ha registrado un <strong>incremento en el acopio de equipos electr\u00f3nicos y pilas<\/strong>, debido al reemplazo de dispositivos viejos o descompuestos. \u201cAproximadamente llevamos recolectadas <strong>dos toneladas<\/strong> de aparatos y bater\u00edas, lo que demuestra el inter\u00e9s de la ciudadan\u00eda. A cada participante le entregamos un arbolito con el compromiso de que lo cuiden; la respuesta ha sido muy positiva en todo el municipio\u201d, destac\u00f3 la funcionaria.<\/p>\n\n\n\n<p>El Ayuntamiento mantiene un <strong>convenio con una empresa especializada<\/strong> en el manejo responsable de residuos electr\u00f3nicos, encargada de <strong>reutilizar piezas aprovechables y desechar adecuadamente los componentes contaminantes<\/strong>, garantizando un proceso seguro y sustentable. Gracias a este acuerdo, la <strong>recolecci\u00f3n es totalmente gratuita<\/strong> para las y los habitantes de Soledad.<\/p>\n\n\n\n<p>Finalmente, la funcionaria reiter\u00f3 el llamado a acudir a la <strong>Direcci\u00f3n de Ecolog\u00eda Municipal<\/strong>, ubicada en <strong>calle Matamoros #111<\/strong>, en la Cabecera Municipal, donde se reciben <strong>electrodom\u00e9sticos, pilas y medicamentos caducos<\/strong>. Con acciones como esta, el <strong>Gobierno de Soledad de Graciano S\u00e1nchez<\/strong> reafirma su compromiso con el <strong>medio ambiente y el bienestar de las familias<\/strong>, impulsando una cultura ecol\u00f3gica que construye un municipio <strong>limpio, verde y responsable<\/strong>.<\/p>\n","protected":false},"excerpt":{"rendered":"<p>Con el objetivo de fortalecer la conciencia ambiental y promover la disposici\u00f3n responsable de residuos tecnol\u00f3gicos, el Ayuntamiento de Soledad de Graciano S\u00e1nchez mantiene activa la campa\u00f1a de recolecci\u00f3n de basura electr\u00f3nica, la cual busca reducir la contaminaci\u00f3n y fomentar la reforestaci\u00f3n. Siguiendo las instrucciones del Alcalde Juan Manuel Navarro Mu\u00f1iz, la Direcci\u00f3n de Ecolog\u00eda [&hellip;]<\/p>\n","protected":false},"author":2,"featured_media":24160,"comment_status":"open","ping_status":"open","sticky":false,"template":"","format":"standard","meta":{"footnotes":""},"categories":[1,24,21],"tags":[223,294,261,27],"class_list":{"0":"post-24159","1":"post","2":"type-post","3":"status-publish","4":"format-standard","5":"has-post-thumbnail","7":"category-destacadas","8":"category-informacion-general","9":"category-tu-soledad","10":"tag-ayuntamiento-soledense","11":"tag-san-luis","12":"tag-slp","13":"tag-soledad"},"_links":{"self":[{"href":"https:\/\/cronicadesoledad.com\/index.php\/wp-json\/wp\/v2\/posts\/24159","targetHints":{"allow":["GET"]}}],"collection":[{"href":"https:\/\/cronicadesoledad.com\/index.php\/wp-json\/wp\/v2\/posts"}],"about":[{"href":"https:\/\/cronicadesoledad.com\/index.php\/wp-json\/wp\/v2\/types\/post"}],"author":[{"embeddable":true,"href":"https:\/\/cronicadesoledad.com\/index.php\/wp-json\/wp\/v2\/users\/2"}],"replies":[{"embeddable":true,"href":"https:\/\/cronicadesoledad.com\/index.php\/wp-json\/wp\/v2\/comments?post=24159"}],"version-history":[{"count":1,"href":"https:\/\/cronicadesoledad.com\/index.php\/wp-json\/wp\/v2\/posts\/24159\/revisions"}],"predecessor-version":[{"id":24161,"href":"https:\/\/cronicadesoledad.com\/index.php\/wp-json\/wp\/v2\/posts\/24159\/revisions\/24161"}],"wp:featuredmedia":[{"embeddable":true,"href":"https:\/\/cronicadesoledad.com\/index.php\/wp-json\/wp\/v2\/media\/24160"}],"wp:attachment":[{"href":"https:\/\/cronicadesoledad.com\/index.php\/wp-json\/wp\/v2\/media?parent=24159"}],"wp:term":[{"taxonomy":"category","embeddable":true,"href":"https:\/\/cronicadesoledad.com\/index.php\/wp-json\/wp\/v2\/categories?post=24159"},{"taxonomy":"post_tag","embeddable":true,"href":"https:\/\/cronicadesoledad.com\/index.php\/wp-json\/wp\/v2\/tags?post=24159"}],"curies":[{"name":"wp","href":"https:\/\/api.w.org\/{rel}","templated":true}]}}