{"id":24165,"date":"2025-11-03T22:48:59","date_gmt":"2025-11-04T04:48:59","guid":{"rendered":"https:\/\/cronicadesoledad.com\/?p=24165"},"modified":"2025-11-03T22:49:00","modified_gmt":"2025-11-04T04:49:00","slug":"avanza-campana-de-vacunacion-invernal-en-colonias-de-soledad-de-graciano-sanchez","status":"publish","type":"post","link":"https:\/\/cronicadesoledad.com\/index.php\/2025\/11\/03\/avanza-campana-de-vacunacion-invernal-en-colonias-de-soledad-de-graciano-sanchez\/","title":{"rendered":"Avanza campa\u00f1a de vacunaci\u00f3n invernal en colonias de Soledad de Graciano S\u00e1nchez"},"content":{"rendered":"\n<p>La <strong>campa\u00f1a de vacunaci\u00f3n invernal<\/strong> que impulsa el <strong>Ayuntamiento de Soledad de Graciano S\u00e1nchez<\/strong>, a trav\u00e9s del <strong>Servicio M\u00e9dico Municipal<\/strong> y en coordinaci\u00f3n con la <strong>Secretar\u00eda de Salud<\/strong> y el <strong>IMSS Bienestar<\/strong>, registra avances significativos con m\u00e1s de <strong>400 dosis aplicadas<\/strong> en tres jornadas recientes, realizadas en <strong>Presidencia Municipal<\/strong> y en los consultorios de las colonias <strong>San Felipe, La Virgen y UPA<\/strong>. Esta estrategia busca <strong>proteger la salud de la ciudadan\u00eda<\/strong>, especialmente de <strong>ni\u00f1os, adultos mayores y personas con factores de riesgo<\/strong>, garantizando el acceso equitativo a los servicios m\u00e9dicos preventivos.<\/p>\n\n\n\n<p>Este lunes, la jornada lleg\u00f3 al <strong>consultorio m\u00e9dico de la colonia Cactus<\/strong>, donde se registr\u00f3 una alta participaci\u00f3n de familias. La campa\u00f1a est\u00e1 dirigida a <strong>ni\u00f1os de 6 meses a 5 a\u00f1os<\/strong>, <strong>adultos mayores<\/strong>, <strong>mujeres embarazadas<\/strong> y <strong>personas de 5 a 59 a\u00f1os con factores de riesgo<\/strong>, cumpliendo la instrucci\u00f3n del <strong>Alcalde Juan Manuel Navarro Mu\u00f1iz<\/strong> de acercar la atenci\u00f3n m\u00e9dica y fortalecer la prevenci\u00f3n en toda la demarcaci\u00f3n.<\/p>\n\n\n\n<p>Durante las jornadas, el personal de salud aplica las vacunas <strong>contra la influenza, COVID-19 (Moderna)<\/strong> y <strong>neumococo<\/strong>, brindando adem\u00e1s <strong>orientaci\u00f3n m\u00e9dica personalizada<\/strong> sobre posibles reacciones y medidas de cuidado posteriores. Tambi\u00e9n se solicita a la poblaci\u00f3n presentar la <strong>cartilla de vacunaci\u00f3n<\/strong>, a fin de llevar un control adecuado de las dosis aplicadas y las fechas correspondientes.<\/p>\n\n\n\n<p>La <strong>campa\u00f1a de vacunaci\u00f3n continuar\u00e1<\/strong> en las comunidades y unidades municipales de <strong>Enrique Estrada, Palma de la Cruz, La Pur\u00edsima, La Tinaja<\/strong> y en <strong>Presidencia Municipal<\/strong> hasta el <strong>17 de noviembre<\/strong>. Posteriormente, se coordinar\u00e1n brigadas con la <strong>Direcci\u00f3n de Educaci\u00f3n<\/strong> para extender la cobertura a <strong>jardines de ni\u00f1os y primarias<\/strong>, fortaleciendo la prevenci\u00f3n desde la infancia y reafirmando el compromiso del <strong>Gobierno Municipal<\/strong> con el <strong>bienestar y la salud integral<\/strong> de las familias soledenses.<\/p>\n","protected":false},"excerpt":{"rendered":"<p>La campa\u00f1a de vacunaci\u00f3n invernal que impulsa el Ayuntamiento de Soledad de Graciano S\u00e1nchez, a trav\u00e9s del Servicio M\u00e9dico Municipal y en coordinaci\u00f3n con la Secretar\u00eda de Salud y el IMSS Bienestar, registra avances significativos con m\u00e1s de 400 dosis aplicadas en tres jornadas recientes, realizadas en Presidencia Municipal y en los consultorios de las [&hellip;]<\/p>\n","protected":false},"author":2,"featured_media":24166,"comment_status":"open","ping_status":"open","sticky":false,"template":"","format":"standard","meta":{"footnotes":""},"categories":[1,24,21],"tags":[223,269,294,261,27,2851],"class_list":{"0":"post-24165","1":"post","2":"type-post","3":"status-publish","4":"format-standard","5":"has-post-thumbnail","7":"category-destacadas","8":"category-informacion-general","9":"category-tu-soledad","10":"tag-ayuntamiento-soledense","11":"tag-salud","12":"tag-san-luis","13":"tag-slp","14":"tag-soledad","15":"tag-vacunacion-2"},"_links":{"self":[{"href":"https:\/\/cronicadesoledad.com\/index.php\/wp-json\/wp\/v2\/posts\/24165","targetHints":{"allow":["GET"]}}],"collection":[{"href":"https:\/\/cronicadesoledad.com\/index.php\/wp-json\/wp\/v2\/posts"}],"about":[{"href":"https:\/\/cronicadesoledad.com\/index.php\/wp-json\/wp\/v2\/types\/post"}],"author":[{"embeddable":true,"href":"https:\/\/cronicadesoledad.com\/index.php\/wp-json\/wp\/v2\/users\/2"}],"replies":[{"embeddable":true,"href":"https:\/\/cronicadesoledad.com\/index.php\/wp-json\/wp\/v2\/comments?post=24165"}],"version-history":[{"count":1,"href":"https:\/\/cronicadesoledad.com\/index.php\/wp-json\/wp\/v2\/posts\/24165\/revisions"}],"predecessor-version":[{"id":24167,"href":"https:\/\/cronicadesoledad.com\/index.php\/wp-json\/wp\/v2\/posts\/24165\/revisions\/24167"}],"wp:featuredmedia":[{"embeddable":true,"href":"https:\/\/cronicadesoledad.com\/index.php\/wp-json\/wp\/v2\/media\/24166"}],"wp:attachment":[{"href":"https:\/\/cronicadesoledad.com\/index.php\/wp-json\/wp\/v2\/media?parent=24165"}],"wp:term":[{"taxonomy":"category","embeddable":true,"href":"https:\/\/cronicadesoledad.com\/index.php\/wp-json\/wp\/v2\/categories?post=24165"},{"taxonomy":"post_tag","embeddable":true,"href":"https:\/\/cronicadesoledad.com\/index.php\/wp-json\/wp\/v2\/tags?post=24165"}],"curies":[{"name":"wp","href":"https:\/\/api.w.org\/{rel}","templated":true}]}}