{"id":24191,"date":"2025-11-10T03:08:00","date_gmt":"2025-11-10T09:08:00","guid":{"rendered":"https:\/\/cronicadesoledad.com\/?p=24191"},"modified":"2025-11-10T02:30:59","modified_gmt":"2025-11-10T08:30:59","slug":"juventud-soledense-recibe-nueva-secundaria-en-valle-de-la-palma-del-gobierno-estatal","status":"publish","type":"post","link":"https:\/\/cronicadesoledad.com\/index.php\/2025\/11\/10\/juventud-soledense-recibe-nueva-secundaria-en-valle-de-la-palma-del-gobierno-estatal\/","title":{"rendered":"Juventud soledense recibe nueva secundaria en Valle de la Palma del Gobierno Estatal"},"content":{"rendered":"\n<p>El <strong>Gobierno del Estado<\/strong> y el <strong>Ayuntamiento de Soledad de Graciano S\u00e1nchez<\/strong> inauguraron la <strong>nueva Secundaria General \u201cValle de la Palma\u201d<\/strong>, un espacio moderno y funcional que beneficiar\u00e1 a cientos de estudiantes de esta zona y comunidades cercanas. La obra forma parte del compromiso conjunto de ambas administraciones por garantizar una <strong>educaci\u00f3n p\u00fablica de calidad<\/strong> y entornos escolares dignos para la ni\u00f1ez y juventud soledense.<\/p>\n\n\n\n<p>Durante el evento, el <strong>Gobernador Ricardo Gallardo Cardona<\/strong> destac\u00f3 que esta escuela representa un paso firme en la transformaci\u00f3n educativa del municipio, al convertir un terreno bald\u00edo en un espacio de aprendizaje. Anunci\u00f3 adem\u00e1s la <strong>construcci\u00f3n de un m\u00f3dulo de direcci\u00f3n y una cancha de f\u00fatbol<\/strong>, reafirmando que el impulso a la educaci\u00f3n continuar\u00e1 en las cuatro regiones del estado.<\/p>\n\n\n\n<p>El <strong>Alcalde Juan Manuel Navarro Mu\u00f1iz<\/strong> fue reconocido como un aliado constante de la educaci\u00f3n, al mantener coordinaci\u00f3n permanente con el Gobierno Estatal para <strong>mejorar la infraestructura educativa y fortalecer el desarrollo social<\/strong> del municipio. Subray\u00f3 que esta nueva secundaria simboliza la oportunidad de crecimiento y formaci\u00f3n para las y los j\u00f3venes de Valle de la Palma.<\/p>\n\n\n\n<p>El plantel cuenta con <strong>cuatro aulas did\u00e1cticas, sanitarios, plaza c\u00edvica con cancha deportiva, red el\u00e9ctrica, instalaciones hidrosanitarias, mobiliario y andador principal<\/strong>, ofreciendo condiciones \u00f3ptimas para el aprendizaje. La obra se suma al <strong>Plan Municipal de rehabilitaci\u00f3n de 100 escuelas<\/strong>, impulsado por el Ayuntamiento, para consolidar una red educativa m\u00e1s equitativa y moderna.<\/p>\n\n\n\n<p>Con esta entrega, <strong>las familias soledenses ven cumplido un anhelo hist\u00f3rico<\/strong>, resultado del trabajo coordinado entre los gobiernos estatal y municipal, que priorizan la educaci\u00f3n como base del progreso y la reconstrucci\u00f3n del tejido social en <strong>Soledad de Graciano S\u00e1nchez<\/strong>.<\/p>\n","protected":false},"excerpt":{"rendered":"<p>El Gobierno del Estado y el Ayuntamiento de Soledad de Graciano S\u00e1nchez inauguraron la nueva Secundaria General \u201cValle de la Palma\u201d, un espacio moderno y funcional que beneficiar\u00e1 a cientos de estudiantes de esta zona y comunidades cercanas. La obra forma parte del compromiso conjunto de ambas administraciones por garantizar una educaci\u00f3n p\u00fablica de calidad [&hellip;]<\/p>\n","protected":false},"author":2,"featured_media":24192,"comment_status":"open","ping_status":"open","sticky":false,"template":"","format":"standard","meta":{"footnotes":""},"categories":[1,24,21],"tags":[223,2429,294,261,27],"class_list":{"0":"post-24191","1":"post","2":"type-post","3":"status-publish","4":"format-standard","5":"has-post-thumbnail","7":"category-destacadas","8":"category-informacion-general","9":"category-tu-soledad","10":"tag-ayuntamiento-soledense","11":"tag-gobierno-estatal","12":"tag-san-luis","13":"tag-slp","14":"tag-soledad"},"_links":{"self":[{"href":"https:\/\/cronicadesoledad.com\/index.php\/wp-json\/wp\/v2\/posts\/24191","targetHints":{"allow":["GET"]}}],"collection":[{"href":"https:\/\/cronicadesoledad.com\/index.php\/wp-json\/wp\/v2\/posts"}],"about":[{"href":"https:\/\/cronicadesoledad.com\/index.php\/wp-json\/wp\/v2\/types\/post"}],"author":[{"embeddable":true,"href":"https:\/\/cronicadesoledad.com\/index.php\/wp-json\/wp\/v2\/users\/2"}],"replies":[{"embeddable":true,"href":"https:\/\/cronicadesoledad.com\/index.php\/wp-json\/wp\/v2\/comments?post=24191"}],"version-history":[{"count":1,"href":"https:\/\/cronicadesoledad.com\/index.php\/wp-json\/wp\/v2\/posts\/24191\/revisions"}],"predecessor-version":[{"id":24193,"href":"https:\/\/cronicadesoledad.com\/index.php\/wp-json\/wp\/v2\/posts\/24191\/revisions\/24193"}],"wp:featuredmedia":[{"embeddable":true,"href":"https:\/\/cronicadesoledad.com\/index.php\/wp-json\/wp\/v2\/media\/24192"}],"wp:attachment":[{"href":"https:\/\/cronicadesoledad.com\/index.php\/wp-json\/wp\/v2\/media?parent=24191"}],"wp:term":[{"taxonomy":"category","embeddable":true,"href":"https:\/\/cronicadesoledad.com\/index.php\/wp-json\/wp\/v2\/categories?post=24191"},{"taxonomy":"post_tag","embeddable":true,"href":"https:\/\/cronicadesoledad.com\/index.php\/wp-json\/wp\/v2\/tags?post=24191"}],"curies":[{"name":"wp","href":"https:\/\/api.w.org\/{rel}","templated":true}]}}