{"id":24197,"date":"2025-11-05T23:57:32","date_gmt":"2025-11-06T05:57:32","guid":{"rendered":"https:\/\/cronicadesoledad.com\/?p=24197"},"modified":"2025-11-05T23:57:33","modified_gmt":"2025-11-06T05:57:33","slug":"municipio-de-soledad-refuerza-identidad-historica-y-cultural-con-artesanias-alusivas","status":"publish","type":"post","link":"https:\/\/cronicadesoledad.com\/index.php\/2025\/11\/05\/municipio-de-soledad-refuerza-identidad-historica-y-cultural-con-artesanias-alusivas\/","title":{"rendered":"Municipio de Soledad refuerza identidad hist\u00f3rica y cultural con artesan\u00edas alusivas"},"content":{"rendered":"\n<p>El <strong>Ayuntamiento de Soledad de Graciano S\u00e1nchez<\/strong> impulsa el resurgimiento del arte popular local mediante la promoci\u00f3n de <strong>artesan\u00edas elaboradas por j\u00f3venes creadores<\/strong>, quienes han retomado con orgullo la fabricaci\u00f3n de piezas que reflejan la esencia del municipio, como <strong>relojes de sol, carretas, jarros pintados a mano y cuadros inspirados en paisajes y templos soledenses<\/strong>.<\/p>\n\n\n\n<p>Este movimiento artesanal responde al compromiso del <strong>Alcalde Juan Manuel Navarro Mu\u00f1iz<\/strong> de <strong>fortalecer la identidad cultural<\/strong> y proyectar el talento de la comunidad, fomentando espacios de encuentro entre la historia, la creatividad y el orgullo soledense. Gracias al respaldo institucional, Soledad ha recuperado una tradici\u00f3n que por a\u00f1os permaneci\u00f3 en el olvido, consolid\u00e1ndose como un punto de conexi\u00f3n entre pasado y presente.<\/p>\n\n\n\n<p>El <strong>cronista municipal, Amado Juan S\u00e1nchez Cabrera<\/strong>, destac\u00f3 el valor de estas piezas, en especial del <strong>reloj de sol de madera<\/strong>, r\u00e9plica del que adorna la fachada de la <strong>Parroquia de Nuestra Se\u00f1ora de la Soledad<\/strong>, y que adem\u00e1s de su belleza ornamental, <strong>funciona realmente al orientarse hacia el norte<\/strong>. \u201cEs una obra que une lo hist\u00f3rico, lo cient\u00edfico y lo art\u00edstico; una aut\u00e9ntica representaci\u00f3n del esp\u00edritu soledense\u201d, se\u00f1al\u00f3.<\/p>\n\n\n\n<p>Estas artesan\u00edas se encuentran disponibles en la <strong>librer\u00eda parroquial, tiendas del centro del municipio y espacios culturales de la capital potosina<\/strong>. Cada pieza, elaborada y numerada a mano, lleva consigo el sello de autenticidad de los artesanos locales. Con acciones como \u00e9sta, el <strong>Gobierno Municipal de Soledad de Graciano S\u00e1nchez<\/strong> reafirma su compromiso de <strong>preservar y difundir su patrimonio cultural<\/strong>, fortaleciendo el orgullo y la identidad de su gente.<\/p>\n","protected":false},"excerpt":{"rendered":"<p>El Ayuntamiento de Soledad de Graciano S\u00e1nchez impulsa el resurgimiento del arte popular local mediante la promoci\u00f3n de artesan\u00edas elaboradas por j\u00f3venes creadores, quienes han retomado con orgullo la fabricaci\u00f3n de piezas que reflejan la esencia del municipio, como relojes de sol, carretas, jarros pintados a mano y cuadros inspirados en paisajes y templos soledenses. [&hellip;]<\/p>\n","protected":false},"author":2,"featured_media":24198,"comment_status":"open","ping_status":"open","sticky":false,"template":"","format":"standard","meta":{"footnotes":""},"categories":[1,24,21],"tags":[223,294,261,27],"class_list":{"0":"post-24197","1":"post","2":"type-post","3":"status-publish","4":"format-standard","5":"has-post-thumbnail","7":"category-destacadas","8":"category-informacion-general","9":"category-tu-soledad","10":"tag-ayuntamiento-soledense","11":"tag-san-luis","12":"tag-slp","13":"tag-soledad"},"_links":{"self":[{"href":"https:\/\/cronicadesoledad.com\/index.php\/wp-json\/wp\/v2\/posts\/24197","targetHints":{"allow":["GET"]}}],"collection":[{"href":"https:\/\/cronicadesoledad.com\/index.php\/wp-json\/wp\/v2\/posts"}],"about":[{"href":"https:\/\/cronicadesoledad.com\/index.php\/wp-json\/wp\/v2\/types\/post"}],"author":[{"embeddable":true,"href":"https:\/\/cronicadesoledad.com\/index.php\/wp-json\/wp\/v2\/users\/2"}],"replies":[{"embeddable":true,"href":"https:\/\/cronicadesoledad.com\/index.php\/wp-json\/wp\/v2\/comments?post=24197"}],"version-history":[{"count":1,"href":"https:\/\/cronicadesoledad.com\/index.php\/wp-json\/wp\/v2\/posts\/24197\/revisions"}],"predecessor-version":[{"id":24199,"href":"https:\/\/cronicadesoledad.com\/index.php\/wp-json\/wp\/v2\/posts\/24197\/revisions\/24199"}],"wp:featuredmedia":[{"embeddable":true,"href":"https:\/\/cronicadesoledad.com\/index.php\/wp-json\/wp\/v2\/media\/24198"}],"wp:attachment":[{"href":"https:\/\/cronicadesoledad.com\/index.php\/wp-json\/wp\/v2\/media?parent=24197"}],"wp:term":[{"taxonomy":"category","embeddable":true,"href":"https:\/\/cronicadesoledad.com\/index.php\/wp-json\/wp\/v2\/categories?post=24197"},{"taxonomy":"post_tag","embeddable":true,"href":"https:\/\/cronicadesoledad.com\/index.php\/wp-json\/wp\/v2\/tags?post=24197"}],"curies":[{"name":"wp","href":"https:\/\/api.w.org\/{rel}","templated":true}]}}