{"id":24299,"date":"2025-11-14T21:30:56","date_gmt":"2025-11-15T03:30:56","guid":{"rendered":"https:\/\/cronicadesoledad.com\/?p=24299"},"modified":"2025-11-14T21:30:56","modified_gmt":"2025-11-15T03:30:56","slug":"ayuntamiento-de-soledad-refuerza-operativos-nocturnos-ante-descenso-de-temperaturas","status":"publish","type":"post","link":"https:\/\/cronicadesoledad.com\/index.php\/2025\/11\/14\/ayuntamiento-de-soledad-refuerza-operativos-nocturnos-ante-descenso-de-temperaturas\/","title":{"rendered":"Ayuntamiento de Soledad refuerza operativos nocturnos ante descenso de temperaturas"},"content":{"rendered":"\n<p>Ante las bajas temperaturas registradas recientemente, el <strong>Ayuntamiento de Soledad de Graciano S\u00e1nchez<\/strong>, por instrucci\u00f3n del Alcalde <strong>Juan Manuel Navarro Mu\u00f1iz<\/strong>, reforz\u00f3 los operativos de atenci\u00f3n a personas en situaci\u00f3n vulnerable a trav\u00e9s del <strong>Sistema Municipal de Protecci\u00f3n Civil<\/strong>. Las brigadas recorren distintos puntos del municipio durante las noches con el objetivo de evitar que alguna persona permanezca a la intemperie.<\/p>\n\n\n\n<p>El titular de <strong>Protecci\u00f3n Civil<\/strong>, <strong>Mart\u00edn Bravo Galicia<\/strong>, inform\u00f3 que hasta el momento no se han detectado personas en situaci\u00f3n de calle, aunque los recorridos contin\u00faan de forma permanente en zonas como la <strong>carretera Matehuala<\/strong>, el <strong>bulevar Valle de los Fantasmas<\/strong>, la <strong>avenida Jos\u00e9 de G\u00e1lvez<\/strong> y los principales puentes vehiculares. \u201cLa instrucci\u00f3n del Alcalde es clara: no debe haber ninguna persona durmiendo en la calle; contamos con cobijas para donar y con el apoyo del <strong>DIF Municipal<\/strong>, que tiene albergues listos para brindar resguardo\u201d, se\u00f1al\u00f3.<\/p>\n\n\n\n<p>Bravo Galicia indic\u00f3 que los primeros frentes fr\u00edos se han percibido con mayor intensidad entre antier y hoy, por lo que los operativos nocturnos se reforzaron con m\u00e1s elementos, incluyendo personal femenino y param\u00e9dicos, para ofrecer una atenci\u00f3n m\u00e1s integral. A\u00f1adi\u00f3 que la coordinaci\u00f3n con la presidenta del <strong>DIF Municipal<\/strong>, <strong>Mar\u00eda del Pilar Cardona Reyna<\/strong>, permite canalizar de inmediato a cualquier persona detectada hacia los refugios disponibles.<\/p>\n\n\n\n<p>Para este fin de semana, las previsiones clim\u00e1ticas se\u00f1alan noches y madrugadas fr\u00edas en <strong>Soledad de Graciano S\u00e1nchez<\/strong>, con temperaturas m\u00ednimas que podr\u00edan descender hasta los 7 grados el s\u00e1bado y alrededor de 10 grados el domingo, seg\u00fan el <strong>Servicio Meteorol\u00f3gico Nacional<\/strong>. Este contraste con las temperaturas c\u00e1lidas del d\u00eda obliga a extremar precauciones, especialmente entre familias y sectores vulnerables.<\/p>\n\n\n\n<p>El <strong>Sistema Municipal de Protecci\u00f3n Civil<\/strong> recomend\u00f3 a la poblaci\u00f3n abrigarse adecuadamente, proteger a ni\u00f1as, ni\u00f1os y adultos mayores, y mantener especial atenci\u00f3n en personas con enfermedades respiratorias debido a los cambios bruscos de temperatura. Mientras tanto, el Gobierno Municipal mantiene acciones preventivas y de apoyo para resguardar a quienes necesitan atenci\u00f3n durante esta temporada de fr\u00edo.<\/p>\n","protected":false},"excerpt":{"rendered":"<p>Ante las bajas temperaturas registradas recientemente, el Ayuntamiento de Soledad de Graciano S\u00e1nchez, por instrucci\u00f3n del Alcalde Juan Manuel Navarro Mu\u00f1iz, reforz\u00f3 los operativos de atenci\u00f3n a personas en situaci\u00f3n vulnerable a trav\u00e9s del Sistema Municipal de Protecci\u00f3n Civil. Las brigadas recorren distintos puntos del municipio durante las noches con el objetivo de evitar que [&hellip;]<\/p>\n","protected":false},"author":2,"featured_media":24300,"comment_status":"open","ping_status":"open","sticky":false,"template":"","format":"standard","meta":{"footnotes":""},"categories":[1,24,21],"tags":[223,345,2945,294,261,27],"class_list":{"0":"post-24299","1":"post","2":"type-post","3":"status-publish","4":"format-standard","5":"has-post-thumbnail","7":"category-destacadas","8":"category-informacion-general","9":"category-tu-soledad","10":"tag-ayuntamiento-soledense","11":"tag-clima","12":"tag-frio-3","13":"tag-san-luis","14":"tag-slp","15":"tag-soledad"},"_links":{"self":[{"href":"https:\/\/cronicadesoledad.com\/index.php\/wp-json\/wp\/v2\/posts\/24299","targetHints":{"allow":["GET"]}}],"collection":[{"href":"https:\/\/cronicadesoledad.com\/index.php\/wp-json\/wp\/v2\/posts"}],"about":[{"href":"https:\/\/cronicadesoledad.com\/index.php\/wp-json\/wp\/v2\/types\/post"}],"author":[{"embeddable":true,"href":"https:\/\/cronicadesoledad.com\/index.php\/wp-json\/wp\/v2\/users\/2"}],"replies":[{"embeddable":true,"href":"https:\/\/cronicadesoledad.com\/index.php\/wp-json\/wp\/v2\/comments?post=24299"}],"version-history":[{"count":1,"href":"https:\/\/cronicadesoledad.com\/index.php\/wp-json\/wp\/v2\/posts\/24299\/revisions"}],"predecessor-version":[{"id":24301,"href":"https:\/\/cronicadesoledad.com\/index.php\/wp-json\/wp\/v2\/posts\/24299\/revisions\/24301"}],"wp:featuredmedia":[{"embeddable":true,"href":"https:\/\/cronicadesoledad.com\/index.php\/wp-json\/wp\/v2\/media\/24300"}],"wp:attachment":[{"href":"https:\/\/cronicadesoledad.com\/index.php\/wp-json\/wp\/v2\/media?parent=24299"}],"wp:term":[{"taxonomy":"category","embeddable":true,"href":"https:\/\/cronicadesoledad.com\/index.php\/wp-json\/wp\/v2\/categories?post=24299"},{"taxonomy":"post_tag","embeddable":true,"href":"https:\/\/cronicadesoledad.com\/index.php\/wp-json\/wp\/v2\/tags?post=24299"}],"curies":[{"name":"wp","href":"https:\/\/api.w.org\/{rel}","templated":true}]}}