{"id":25077,"date":"2026-01-09T18:06:18","date_gmt":"2026-01-10T00:06:18","guid":{"rendered":"https:\/\/cronicadesoledad.com\/?p=25077"},"modified":"2026-01-09T18:06:18","modified_gmt":"2026-01-10T00:06:18","slug":"autobus-de-pasajeros-sale-de-la-carretera-57-en-santa-maria-del-rio","status":"publish","type":"post","link":"https:\/\/cronicadesoledad.com\/index.php\/2026\/01\/09\/autobus-de-pasajeros-sale-de-la-carretera-57-en-santa-maria-del-rio\/","title":{"rendered":"Autob\u00fas de pasajeros sale de la carretera 57 en Santa Mar\u00eda del R\u00edo"},"content":{"rendered":"\n<p>Un <strong>autob\u00fas de pasajeros<\/strong> sali\u00f3 de la <strong>carretera federal 57<\/strong> la ma\u00f1ana de este <strong>d\u00eda<\/strong>, a la altura del <strong>kil\u00f3metro 139<\/strong>, en la comunidad de <strong>Villela<\/strong>, municipio de <strong>Santa Mar\u00eda del R\u00edo<\/strong>, hecho que <strong>dej\u00f3<\/strong> a <strong>varios pasajeros heridos<\/strong> y moviliz\u00f3 a <strong>cuerpos de emergencia<\/strong> para la <strong>atenci\u00f3n<\/strong> de la <strong>situaci\u00f3n<\/strong>.<\/p>\n\n\n\n<p>De acuerdo con los primeros reportes, el <strong>conductor<\/strong> de la unidad <strong>perdi\u00f3<\/strong> el control por causas que a\u00fan no han sido <strong>precisadas<\/strong>, lo que <strong>provoc\u00f3<\/strong> que el veh\u00edculo <strong>abandonara<\/strong> la cinta <strong>asf\u00e1ltica<\/strong>. Como resultado del accidente, <strong>al menos dos personas<\/strong> resultaron <strong>lesionadas<\/strong>, sin que hasta el momento se haya informado la <strong>gravedad<\/strong> de su estado de <strong>salud<\/strong>.<\/p>\n\n\n\n<p>Al sitio acudieron <strong>elementos de los cuerpos de emergencia<\/strong> y <strong>autoridades de seguridad<\/strong>, quienes brindaron <strong>atenci\u00f3n prehospitalaria<\/strong> a las personas afectadas y procedieron a <strong>asegurar<\/strong> la zona para prevenir nuevos <strong>percances<\/strong>. Posteriormente, los lesionados fueron <strong>valorados<\/strong> en el lugar y <strong>trasladados<\/strong> para recibir <strong>atenci\u00f3n m\u00e9dica<\/strong>.<\/p>\n\n\n\n<p>La <strong>circulaci\u00f3n vehicular<\/strong> se vio <strong>parcialmente afectada<\/strong> durante las labores de <strong>auxilio<\/strong> y el <strong>retiro<\/strong> del <strong>autob\u00fas siniestrado<\/strong>. Las <strong>autoridades correspondientes<\/strong> iniciaron las <strong>investigaciones<\/strong> para determinar las <strong>causas<\/strong> del accidente ocurrido en este tramo de la <strong>carretera federal 57<\/strong>.<\/p>\n","protected":false},"excerpt":{"rendered":"<p>Un autob\u00fas de pasajeros sali\u00f3 de la carretera federal 57 la ma\u00f1ana de este d\u00eda, a la altura del kil\u00f3metro 139, en la comunidad de Villela, municipio de Santa Mar\u00eda del R\u00edo, hecho que dej\u00f3 a varios pasajeros heridos y moviliz\u00f3 a cuerpos de emergencia para la atenci\u00f3n de la situaci\u00f3n. De acuerdo con los [&hellip;]<\/p>\n","protected":false},"author":2,"featured_media":25078,"comment_status":"open","ping_status":"open","sticky":false,"template":"","format":"standard","meta":{"footnotes":""},"categories":[30,1,24],"tags":[],"class_list":{"0":"post-25077","1":"post","2":"type-post","3":"status-publish","4":"format-standard","5":"has-post-thumbnail","7":"category-de-la-region-centro","8":"category-destacadas","9":"category-informacion-general"},"_links":{"self":[{"href":"https:\/\/cronicadesoledad.com\/index.php\/wp-json\/wp\/v2\/posts\/25077","targetHints":{"allow":["GET"]}}],"collection":[{"href":"https:\/\/cronicadesoledad.com\/index.php\/wp-json\/wp\/v2\/posts"}],"about":[{"href":"https:\/\/cronicadesoledad.com\/index.php\/wp-json\/wp\/v2\/types\/post"}],"author":[{"embeddable":true,"href":"https:\/\/cronicadesoledad.com\/index.php\/wp-json\/wp\/v2\/users\/2"}],"replies":[{"embeddable":true,"href":"https:\/\/cronicadesoledad.com\/index.php\/wp-json\/wp\/v2\/comments?post=25077"}],"version-history":[{"count":1,"href":"https:\/\/cronicadesoledad.com\/index.php\/wp-json\/wp\/v2\/posts\/25077\/revisions"}],"predecessor-version":[{"id":25079,"href":"https:\/\/cronicadesoledad.com\/index.php\/wp-json\/wp\/v2\/posts\/25077\/revisions\/25079"}],"wp:featuredmedia":[{"embeddable":true,"href":"https:\/\/cronicadesoledad.com\/index.php\/wp-json\/wp\/v2\/media\/25078"}],"wp:attachment":[{"href":"https:\/\/cronicadesoledad.com\/index.php\/wp-json\/wp\/v2\/media?parent=25077"}],"wp:term":[{"taxonomy":"category","embeddable":true,"href":"https:\/\/cronicadesoledad.com\/index.php\/wp-json\/wp\/v2\/categories?post=25077"},{"taxonomy":"post_tag","embeddable":true,"href":"https:\/\/cronicadesoledad.com\/index.php\/wp-json\/wp\/v2\/tags?post=25077"}],"curies":[{"name":"wp","href":"https:\/\/api.w.org\/{rel}","templated":true}]}}