{"id":25246,"date":"2026-01-20T23:45:56","date_gmt":"2026-01-21T05:45:56","guid":{"rendered":"https:\/\/cronicadesoledad.com\/?p=25246"},"modified":"2026-01-20T23:45:56","modified_gmt":"2026-01-21T05:45:56","slug":"el-rebozo-de-santa-maria-del-rio-memoria-viva-de-una-tradicion-textil","status":"publish","type":"post","link":"https:\/\/cronicadesoledad.com\/index.php\/2026\/01\/20\/el-rebozo-de-santa-maria-del-rio-memoria-viva-de-una-tradicion-textil\/","title":{"rendered":"El rebozo de Santa Mar\u00eda del R\u00edo, memoria viva de una tradici\u00f3n textil"},"content":{"rendered":"\n<p>Entre los <strong>a\u00f1os cuarenta del siglo pasado<\/strong>, en <strong>Santa Mar\u00eda del R\u00edo<\/strong>, surgi\u00f3 un proyecto orientado a <strong>preservar la tradici\u00f3n del rebozo<\/strong>, ante el riesgo de que este <strong>saber textil ancestral<\/strong> se perdiera con el paso del tiempo. Fue as\u00ed como se impuls\u00f3 la creaci\u00f3n de la <strong>Casa de las Artesan\u00edas<\/strong>, un espacio que permiti\u00f3 a <strong>artesanas y artesanos<\/strong> trabajar, aprender y comercializar sus piezas.<\/p>\n\n\n\n<p>Hace aproximadamente <strong>seis a\u00f1os<\/strong>, este esfuerzo se ampli\u00f3 con la apertura de la <strong>Casa del Rebozo<\/strong>, concebida como un espacio integral enfocado en la <strong>investigaci\u00f3n<\/strong>, la <strong>preservaci\u00f3n<\/strong>, la <strong>ense\u00f1anza<\/strong> y la <strong>demostraci\u00f3n del proceso artesanal<\/strong>. En este recinto, el conocimiento se transmite principalmente a trav\u00e9s de la <strong>memoria de maestras y maestros mayores<\/strong>, quienes comparten t\u00e9cnicas, dise\u00f1os y saberes heredados de generaci\u00f3n en generaci\u00f3n.<\/p>\n\n\n\n<p>El <strong>rebozo de Santa Mar\u00eda del R\u00edo<\/strong> se distingue por su <strong>elaboraci\u00f3n completamente manual<\/strong>, sin intervenci\u00f3n de maquinaria, y por su <strong>car\u00e1cter \u00fanico<\/strong>, ya que no existen dos piezas iguales. Cada prenda refleja la <strong>experiencia<\/strong>, la <strong>cosmovisi\u00f3n<\/strong> y la <strong>sensibilidad<\/strong> de quien la teje. En su confecci\u00f3n participan <strong>hombres y mujeres<\/strong>, aunque el <strong>rapacejo<\/strong>, la terminaci\u00f3n de la prenda, suele ser realizado por mujeres debido a la precisi\u00f3n y dedicaci\u00f3n que requiere.<\/p>\n\n\n\n<p>Con el paso del tiempo, el <strong>rebozo<\/strong> dej\u00f3 de ser \u00fanicamente una prenda de uso cotidiano para posicionarse como un <strong>objeto de valor cultural<\/strong>, asociado a la <strong>identidad<\/strong> y al <strong>trabajo artesanal<\/strong>. Quienes dominan este oficio describen procesos que pueden implicar <strong>hasta 200 pasos<\/strong> y varios d\u00edas de trabajo continuo, aprendidos desde edades tempranas mediante la observaci\u00f3n y la pr\u00e1ctica.<\/p>\n\n\n\n<p>A pesar de la presencia de <strong>productos industriales<\/strong> de menor costo, las y los artesanos de <strong>Santa Mar\u00eda del R\u00edo<\/strong> mantienen la expectativa de que esta tradici\u00f3n se conserve. Mientras las familias contin\u00faen transmitiendo el oficio y reconociendo el <strong>rebozo<\/strong> como <strong>patrimonio cultural<\/strong>, la memoria textil de esta comunidad seguir\u00e1 vigente.<\/p>\n","protected":false},"excerpt":{"rendered":"<p>Entre los a\u00f1os cuarenta del siglo pasado, en Santa Mar\u00eda del R\u00edo, surgi\u00f3 un proyecto orientado a preservar la tradici\u00f3n del rebozo, ante el riesgo de que este saber textil ancestral se perdiera con el paso del tiempo. Fue as\u00ed como se impuls\u00f3 la creaci\u00f3n de la Casa de las Artesan\u00edas, un espacio que permiti\u00f3 [&hellip;]<\/p>\n","protected":false},"author":2,"featured_media":25247,"comment_status":"open","ping_status":"open","sticky":false,"template":"","format":"standard","meta":{"footnotes":""},"categories":[30,1,24],"tags":[],"class_list":{"0":"post-25246","1":"post","2":"type-post","3":"status-publish","4":"format-standard","5":"has-post-thumbnail","7":"category-de-la-region-centro","8":"category-destacadas","9":"category-informacion-general"},"_links":{"self":[{"href":"https:\/\/cronicadesoledad.com\/index.php\/wp-json\/wp\/v2\/posts\/25246","targetHints":{"allow":["GET"]}}],"collection":[{"href":"https:\/\/cronicadesoledad.com\/index.php\/wp-json\/wp\/v2\/posts"}],"about":[{"href":"https:\/\/cronicadesoledad.com\/index.php\/wp-json\/wp\/v2\/types\/post"}],"author":[{"embeddable":true,"href":"https:\/\/cronicadesoledad.com\/index.php\/wp-json\/wp\/v2\/users\/2"}],"replies":[{"embeddable":true,"href":"https:\/\/cronicadesoledad.com\/index.php\/wp-json\/wp\/v2\/comments?post=25246"}],"version-history":[{"count":1,"href":"https:\/\/cronicadesoledad.com\/index.php\/wp-json\/wp\/v2\/posts\/25246\/revisions"}],"predecessor-version":[{"id":25248,"href":"https:\/\/cronicadesoledad.com\/index.php\/wp-json\/wp\/v2\/posts\/25246\/revisions\/25248"}],"wp:featuredmedia":[{"embeddable":true,"href":"https:\/\/cronicadesoledad.com\/index.php\/wp-json\/wp\/v2\/media\/25247"}],"wp:attachment":[{"href":"https:\/\/cronicadesoledad.com\/index.php\/wp-json\/wp\/v2\/media?parent=25246"}],"wp:term":[{"taxonomy":"category","embeddable":true,"href":"https:\/\/cronicadesoledad.com\/index.php\/wp-json\/wp\/v2\/categories?post=25246"},{"taxonomy":"post_tag","embeddable":true,"href":"https:\/\/cronicadesoledad.com\/index.php\/wp-json\/wp\/v2\/tags?post=25246"}],"curies":[{"name":"wp","href":"https:\/\/api.w.org\/{rel}","templated":true}]}}