{"id":25269,"date":"2026-01-21T13:16:23","date_gmt":"2026-01-21T19:16:23","guid":{"rendered":"https:\/\/cronicadesoledad.com\/?p=25269"},"modified":"2026-01-21T13:16:24","modified_gmt":"2026-01-21T19:16:24","slug":"se-suma-gobierno-de-la-capital-al-plan-de-manejo-del-area-natural-protegida-camino-a-la-presa","status":"publish","type":"post","link":"https:\/\/cronicadesoledad.com\/index.php\/2026\/01\/21\/se-suma-gobierno-de-la-capital-al-plan-de-manejo-del-area-natural-protegida-camino-a-la-presa\/","title":{"rendered":"Se suma Gobierno de la Capital al Plan de Manejo del \u00e1rea natural protegida \u201cCamino a la Presa\u201d"},"content":{"rendered":"\n<p>En reuni\u00f3n con la Secretar\u00eda de Ecolog\u00eda y Gesti\u00f3n Ambiental \u2013 SEGAM -, y la Direcci\u00f3n <a>de Gesti\u00f3n Ecol\u00f3gica y Manejo de <\/a>Residuos del Gobierno Capitalino, se iniciaron los trabajos para la elaboraci\u00f3n del Plan de Manejo del \u00e1rea natural protegida \u201cPaseo a la Presa\u201d.<\/p>\n\n\n\n<p>El titular de la citada dependencia municipal, Jaime Mendieta Rivera detall\u00f3 que despu\u00e9s de que se analizaron los aspectos jur\u00eddicos, as\u00ed como las controversias en las que, a\u00f1os atr\u00e1s estuvo esta zona de la ciudad, se insisti\u00f3 en la importancia de garantizar la preservaci\u00f3n de esta \u00e1rea natural protegida, adem\u00e1s de que su plan proyectado sea coincidente con el Plan de Manejo de la Sierra de San Miguelito.<\/p>\n\n\n\n<p>En el caso espec\u00edfico del Proyecto para el \u201cPaseo a la Presa\u201d, el funcionario capitalino detall\u00f3 que incluye entre varios aspectos, inventarios sobre fauna y flora de este sector del Municipio; an\u00e1lisis de la tenencia de la tierra y de riesgos; delimitaci\u00f3n, extensi\u00f3n y ubicaci\u00f3n de las zonas y subzonas; extensi\u00f3n y delimitaci\u00f3n de la zona de influencia del \u00e1rea natural protegida, as\u00ed como las actividades permitidas y actividades no permitidas por zona y subzonas del Plan de Manejo.<\/p>\n\n\n\n<p>Tambi\u00e9n se deber\u00e1n desarrollar programas de investigaci\u00f3n y educaci\u00f3n ambiental; de protecci\u00f3n y aprovechamiento sustentable de los elementos naturales y los modificados por la mano humana; para actividades recreativas, culturales, art\u00edsticas y hasta tur\u00edsticas, adem\u00e1s de un programa de financiamiento para la administraci\u00f3n del \u00e1rea natural protegida, y de prevenci\u00f3n y control de contingencias y emergencias ambientales.<\/p>\n\n\n\n<p>Para finalizar, el director de Gesti\u00f3n Ecol\u00f3gica y Manejo de Residuos a\u00f1adi\u00f3 que el Plan, igualmente, contempla horarios de visita, adem\u00e1s de actividades y aprovechamientos permitidos, as\u00ed como sus l\u00edmites y lineamientos, de conformidad con las Normas Oficiales Mexicanas, as\u00ed como con las zonas y subzonas que para tal efecto se establezcan y se\u00f1alen en el Plan de Manejo del \u00e1rea natural protegida \u201cPaseo a la Presa\u201d.<\/p>\n","protected":false},"excerpt":{"rendered":"<p>En reuni\u00f3n con la Secretar\u00eda de Ecolog\u00eda y Gesti\u00f3n Ambiental \u2013 SEGAM -, y la Direcci\u00f3n de Gesti\u00f3n Ecol\u00f3gica y Manejo de Residuos del Gobierno Capitalino, se iniciaron los trabajos para la elaboraci\u00f3n del Plan de Manejo del \u00e1rea natural protegida \u201cPaseo a la Presa\u201d. El titular de la citada dependencia municipal, Jaime Mendieta Rivera [&hellip;]<\/p>\n","protected":false},"author":1,"featured_media":25270,"comment_status":"open","ping_status":"open","sticky":false,"template":"","format":"standard","meta":{"footnotes":""},"categories":[1,24,3163,3080],"tags":[],"class_list":{"0":"post-25269","1":"post","2":"type-post","3":"status-publish","4":"format-standard","5":"has-post-thumbnail","7":"category-destacadas","8":"category-informacion-general","9":"category-san-luis-potosi","10":"category-slp"},"_links":{"self":[{"href":"https:\/\/cronicadesoledad.com\/index.php\/wp-json\/wp\/v2\/posts\/25269","targetHints":{"allow":["GET"]}}],"collection":[{"href":"https:\/\/cronicadesoledad.com\/index.php\/wp-json\/wp\/v2\/posts"}],"about":[{"href":"https:\/\/cronicadesoledad.com\/index.php\/wp-json\/wp\/v2\/types\/post"}],"author":[{"embeddable":true,"href":"https:\/\/cronicadesoledad.com\/index.php\/wp-json\/wp\/v2\/users\/1"}],"replies":[{"embeddable":true,"href":"https:\/\/cronicadesoledad.com\/index.php\/wp-json\/wp\/v2\/comments?post=25269"}],"version-history":[{"count":1,"href":"https:\/\/cronicadesoledad.com\/index.php\/wp-json\/wp\/v2\/posts\/25269\/revisions"}],"predecessor-version":[{"id":25271,"href":"https:\/\/cronicadesoledad.com\/index.php\/wp-json\/wp\/v2\/posts\/25269\/revisions\/25271"}],"wp:featuredmedia":[{"embeddable":true,"href":"https:\/\/cronicadesoledad.com\/index.php\/wp-json\/wp\/v2\/media\/25270"}],"wp:attachment":[{"href":"https:\/\/cronicadesoledad.com\/index.php\/wp-json\/wp\/v2\/media?parent=25269"}],"wp:term":[{"taxonomy":"category","embeddable":true,"href":"https:\/\/cronicadesoledad.com\/index.php\/wp-json\/wp\/v2\/categories?post=25269"},{"taxonomy":"post_tag","embeddable":true,"href":"https:\/\/cronicadesoledad.com\/index.php\/wp-json\/wp\/v2\/tags?post=25269"}],"curies":[{"name":"wp","href":"https:\/\/api.w.org\/{rel}","templated":true}]}}