{"id":25278,"date":"2026-01-21T13:27:24","date_gmt":"2026-01-21T19:27:24","guid":{"rendered":"https:\/\/cronicadesoledad.com\/?p=25278"},"modified":"2026-01-21T13:27:24","modified_gmt":"2026-01-21T19:27:24","slug":"comitiva-de-san-luis-potosi-suma-esfuerzos-en-fitur-para-fortalecer-la-promocion-turistica-del-estado-y-la-capital","status":"publish","type":"post","link":"https:\/\/cronicadesoledad.com\/index.php\/2026\/01\/21\/comitiva-de-san-luis-potosi-suma-esfuerzos-en-fitur-para-fortalecer-la-promocion-turistica-del-estado-y-la-capital\/","title":{"rendered":"Comitiva de San Luis Potos\u00ed suma esfuerzos en FITUR para fortalecer la promoci\u00f3n tur\u00edstica del Estado y la Capital"},"content":{"rendered":"\n<p>La comitiva de San Luis Potos\u00ed participa de manera coordinada en la Feria Internacional de Turismo (FITUR) con el objetivo de fortalecer la promoci\u00f3n tur\u00edstica tanto de San Luis Capital como del estado, mediante la generaci\u00f3n de alianzas estrat\u00e9gicas que impulsen la econom\u00eda y ampl\u00eden la proyecci\u00f3n internacional del destino.<\/p>\n\n\n\n<p>Durante esta importante plataforma global, el Alcalde de San Luis Capital, Enrique Galindo Ceballos, destac\u00f3 que la ciudad cuenta con una amplia oferta cultural, hist\u00f3rica y de servicios, lo que permite presentarla ante el turismo mundial como un destino competitivo y atractivo, con razones suficientes para consolidarse en el mapa internacional.<\/p>\n\n\n\n<p>En esta estrategia conjunta participan autoridades de los tres niveles de gobierno, entre ellas el Secretario General de Gobierno del Estado, J. Guadalupe Torres S\u00e1nchez; el Diputado Federal Juan Carlos Valladares; la Secretaria de Turismo Estatal, Yolanda Cepeda Echeverr\u00eda; la Directora de Turismo del Ayuntamiento, Claudia Peralta Antiga, as\u00ed como integrantes del Cabildo Capitalino, quienes refrendaron su compromiso de sumar esfuerzos en favor del desarrollo tur\u00edstico de San Luis Potos\u00ed.<\/p>\n","protected":false},"excerpt":{"rendered":"<p>La comitiva de San Luis Potos\u00ed participa de manera coordinada en la Feria Internacional de Turismo (FITUR) con el objetivo de fortalecer la promoci\u00f3n tur\u00edstica tanto de San Luis Capital como del estado, mediante la generaci\u00f3n de alianzas estrat\u00e9gicas que impulsen la econom\u00eda y ampl\u00eden la proyecci\u00f3n internacional del destino. Durante esta importante plataforma global, [&hellip;]<\/p>\n","protected":false},"author":1,"featured_media":25279,"comment_status":"open","ping_status":"open","sticky":false,"template":"","format":"standard","meta":{"footnotes":""},"categories":[1,24,3163,3080],"tags":[],"class_list":{"0":"post-25278","1":"post","2":"type-post","3":"status-publish","4":"format-standard","5":"has-post-thumbnail","7":"category-destacadas","8":"category-informacion-general","9":"category-san-luis-potosi","10":"category-slp"},"_links":{"self":[{"href":"https:\/\/cronicadesoledad.com\/index.php\/wp-json\/wp\/v2\/posts\/25278","targetHints":{"allow":["GET"]}}],"collection":[{"href":"https:\/\/cronicadesoledad.com\/index.php\/wp-json\/wp\/v2\/posts"}],"about":[{"href":"https:\/\/cronicadesoledad.com\/index.php\/wp-json\/wp\/v2\/types\/post"}],"author":[{"embeddable":true,"href":"https:\/\/cronicadesoledad.com\/index.php\/wp-json\/wp\/v2\/users\/1"}],"replies":[{"embeddable":true,"href":"https:\/\/cronicadesoledad.com\/index.php\/wp-json\/wp\/v2\/comments?post=25278"}],"version-history":[{"count":1,"href":"https:\/\/cronicadesoledad.com\/index.php\/wp-json\/wp\/v2\/posts\/25278\/revisions"}],"predecessor-version":[{"id":25280,"href":"https:\/\/cronicadesoledad.com\/index.php\/wp-json\/wp\/v2\/posts\/25278\/revisions\/25280"}],"wp:featuredmedia":[{"embeddable":true,"href":"https:\/\/cronicadesoledad.com\/index.php\/wp-json\/wp\/v2\/media\/25279"}],"wp:attachment":[{"href":"https:\/\/cronicadesoledad.com\/index.php\/wp-json\/wp\/v2\/media?parent=25278"}],"wp:term":[{"taxonomy":"category","embeddable":true,"href":"https:\/\/cronicadesoledad.com\/index.php\/wp-json\/wp\/v2\/categories?post=25278"},{"taxonomy":"post_tag","embeddable":true,"href":"https:\/\/cronicadesoledad.com\/index.php\/wp-json\/wp\/v2\/tags?post=25278"}],"curies":[{"name":"wp","href":"https:\/\/api.w.org\/{rel}","templated":true}]}}