{"id":25389,"date":"2026-01-29T19:30:00","date_gmt":"2026-01-30T01:30:00","guid":{"rendered":"https:\/\/cronicadesoledad.com\/?p=25389"},"modified":"2026-01-30T00:12:34","modified_gmt":"2026-01-30T06:12:34","slug":"atletico-de-san-luis-anuncia-a-lucas-esteves-como-refuerzo-para-el-clausura-2026","status":"publish","type":"post","link":"https:\/\/cronicadesoledad.com\/index.php\/2026\/01\/29\/atletico-de-san-luis-anuncia-a-lucas-esteves-como-refuerzo-para-el-clausura-2026\/","title":{"rendered":"Atl\u00e9tico de San Luis anuncia a Lucas Esteves como refuerzo para el Clausura 2026"},"content":{"rendered":"\n<p>El <strong>Club Atl\u00e9tico de San Luis<\/strong> inform\u00f3 la incorporaci\u00f3n del <strong>defensor Lucas Esteves<\/strong> como <strong>nuevo refuerzo<\/strong> del conjunto potosino para el <strong>torneo Clausura 2026<\/strong>, procedente del <strong>Gr\u00eamio<\/strong> del <strong>f\u00fatbol brasile\u00f1o<\/strong>.<\/p>\n\n\n\n<p><strong>Lucas Esteves<\/strong>, lateral izquierdo de <strong>25 a\u00f1os<\/strong>, inici\u00f3 su formaci\u00f3n futbol\u00edstica en <strong>Palmeiras<\/strong>, instituci\u00f3n con la que debut\u00f3 en el <strong>f\u00fatbol profesional<\/strong>. Durante su etapa con el club paulista, form\u00f3 parte de procesos competitivos de alto nivel y particip\u00f3 en torneos nacionales e internacionales.<\/p>\n\n\n\n<p>Con <strong>Palmeiras<\/strong>, el defensor obtuvo la <strong>Copa de Brasil<\/strong> y fue integrante del plantel <strong>bicampe\u00f3n de la Copa Libertadores<\/strong>, experiencia que le permiti\u00f3 sumar minutos en <strong>competencias continentales<\/strong> de m\u00e1xima exigencia.<\/p>\n\n\n\n<p>A lo largo de su trayectoria, <strong>Esteves<\/strong> ha militado en clubes como <strong>Colorado Rapids<\/strong>, <strong>Fortaleza<\/strong>, <strong>Atl\u00e9tico Goianiense<\/strong>, <strong>Vit\u00f3ria<\/strong> y <strong>Gr\u00eamio<\/strong>, acumulando participaci\u00f3n tanto en el <strong>f\u00fatbol brasile\u00f1o<\/strong> como en el <strong>extranjero<\/strong>, en distintos contextos competitivos.<\/p>\n\n\n\n<p>En el terreno de juego, el jugador se desempe\u00f1a como <strong>lateral izquierdo<\/strong>, con proyecci\u00f3n por la banda y participaci\u00f3n en fases ofensivas y defensivas, caracter\u00edsticas que han marcado su rol dentro de los equipos en los que ha participado.<\/p>\n\n\n\n<p>Con su llegada al <strong>Atl\u00e9tico de San Luis<\/strong>, <strong>Lucas Esteves<\/strong> se integra al plantel potosino para el <strong>Clausura 2026<\/strong>, como parte de los movimientos del club para <strong>reforzar la zona defensiva<\/strong> de cara al presente torneo.<\/p>\n","protected":false},"excerpt":{"rendered":"<p>El Club Atl\u00e9tico de San Luis inform\u00f3 la incorporaci\u00f3n del defensor Lucas Esteves como nuevo refuerzo del conjunto potosino para el torneo Clausura 2026, procedente del Gr\u00eamio del f\u00fatbol brasile\u00f1o. Lucas Esteves, lateral izquierdo de 25 a\u00f1os, inici\u00f3 su formaci\u00f3n futbol\u00edstica en Palmeiras, instituci\u00f3n con la que debut\u00f3 en el f\u00fatbol profesional. Durante su etapa [&hellip;]<\/p>\n","protected":false},"author":2,"featured_media":25390,"comment_status":"open","ping_status":"open","sticky":false,"template":"","format":"standard","meta":{"footnotes":""},"categories":[20,1,24],"tags":[],"class_list":{"0":"post-25389","1":"post","2":"type-post","3":"status-publish","4":"format-standard","5":"has-post-thumbnail","7":"category-cronica-deportiva","8":"category-destacadas","9":"category-informacion-general"},"_links":{"self":[{"href":"https:\/\/cronicadesoledad.com\/index.php\/wp-json\/wp\/v2\/posts\/25389","targetHints":{"allow":["GET"]}}],"collection":[{"href":"https:\/\/cronicadesoledad.com\/index.php\/wp-json\/wp\/v2\/posts"}],"about":[{"href":"https:\/\/cronicadesoledad.com\/index.php\/wp-json\/wp\/v2\/types\/post"}],"author":[{"embeddable":true,"href":"https:\/\/cronicadesoledad.com\/index.php\/wp-json\/wp\/v2\/users\/2"}],"replies":[{"embeddable":true,"href":"https:\/\/cronicadesoledad.com\/index.php\/wp-json\/wp\/v2\/comments?post=25389"}],"version-history":[{"count":1,"href":"https:\/\/cronicadesoledad.com\/index.php\/wp-json\/wp\/v2\/posts\/25389\/revisions"}],"predecessor-version":[{"id":25391,"href":"https:\/\/cronicadesoledad.com\/index.php\/wp-json\/wp\/v2\/posts\/25389\/revisions\/25391"}],"wp:featuredmedia":[{"embeddable":true,"href":"https:\/\/cronicadesoledad.com\/index.php\/wp-json\/wp\/v2\/media\/25390"}],"wp:attachment":[{"href":"https:\/\/cronicadesoledad.com\/index.php\/wp-json\/wp\/v2\/media?parent=25389"}],"wp:term":[{"taxonomy":"category","embeddable":true,"href":"https:\/\/cronicadesoledad.com\/index.php\/wp-json\/wp\/v2\/categories?post=25389"},{"taxonomy":"post_tag","embeddable":true,"href":"https:\/\/cronicadesoledad.com\/index.php\/wp-json\/wp\/v2\/tags?post=25389"}],"curies":[{"name":"wp","href":"https:\/\/api.w.org\/{rel}","templated":true}]}}