{"id":25507,"date":"2026-02-18T12:38:45","date_gmt":"2026-02-18T18:38:45","guid":{"rendered":"https:\/\/cronicadesoledad.com\/?p=25507"},"modified":"2026-02-18T12:38:45","modified_gmt":"2026-02-18T18:38:45","slug":"triunfo-el-amor-eran-compadres-y-ahora-son-esposos","status":"publish","type":"post","link":"https:\/\/cronicadesoledad.com\/index.php\/2026\/02\/18\/triunfo-el-amor-eran-compadres-y-ahora-son-esposos\/","title":{"rendered":"Triunfo el amor. Eran compadres y ahora son esposos."},"content":{"rendered":"\n<p><strong>Se dieron el s\u00ed, en una boda colectiva.<\/strong><\/p>\n\n\n\n<p>Cuando el amor toca a la puerta no importa con qui\u00e9n. En Hueyapan de Ocampo, en el Estado de Veracruz, la comunidad se qued\u00f3 sorprendida luego que dos compadres se casaron por la v\u00eda civil.<\/p>\n\n\n\n<p>El hecho se registr\u00f3 en las bodas colectivas que organiz\u00f3 el Ayuntamiento. Waldo y Jos\u00e9 Francisco, quienes ten\u00edan una cercan\u00eda por ser compadres tomaron la decisi\u00f3n de unir sus vidas en forma legal.<\/p>\n\n\n\n<figure class=\"wp-block-image size-large\"><img loading=\"lazy\" decoding=\"async\" width=\"1024\" height=\"768\" src=\"https:\/\/cronicadesoledad.com\/wp-content\/uploads\/2026\/02\/633181213_944670521456424_2453953820102474221_n-1024x768.jpg\" alt=\"\" class=\"wp-image-25509\" srcset=\"https:\/\/cronicadesoledad.com\/wp-content\/uploads\/2026\/02\/633181213_944670521456424_2453953820102474221_n-1024x768.jpg 1024w, https:\/\/cronicadesoledad.com\/wp-content\/uploads\/2026\/02\/633181213_944670521456424_2453953820102474221_n-300x225.jpg 300w, https:\/\/cronicadesoledad.com\/wp-content\/uploads\/2026\/02\/633181213_944670521456424_2453953820102474221_n-768x576.jpg 768w, https:\/\/cronicadesoledad.com\/wp-content\/uploads\/2026\/02\/633181213_944670521456424_2453953820102474221_n-1536x1152.jpg 1536w, https:\/\/cronicadesoledad.com\/wp-content\/uploads\/2026\/02\/633181213_944670521456424_2453953820102474221_n-696x522.jpg 696w, https:\/\/cronicadesoledad.com\/wp-content\/uploads\/2026\/02\/633181213_944670521456424_2453953820102474221_n-1068x801.jpg 1068w, https:\/\/cronicadesoledad.com\/wp-content\/uploads\/2026\/02\/633181213_944670521456424_2453953820102474221_n.jpg 1600w\" sizes=\"auto, (max-width: 1024px) 100vw, 1024px\" \/><\/figure>\n\n\n\n<p>La pareja que era conocida entre vecinos y amistades por el lazo anterior que los un\u00eda, dieron el s\u00ed en una ceremonia p\u00fablica que tuvo lugar como parte del programa de bodas colectivas que busca brindar certeza jur\u00eddica a quienes deciden dar este paso, sin distinci\u00f3n alguna.<\/p>\n\n\n\n<p>Desde que el matrimonio igualitario es legal en Veracruz, las parejas del mismo sexo pueden contraer matrimonio sin necesidad de amparos, consolidando un avance en materia de derechos e inclusi\u00f3n en la entidad.<\/p>\n\n\n\n<p>Al final de la ceremonia, los esposos fueron felicitados por autoridades municipales y ciudadanos que llegaron al registro civil de Hueyapan de Ocampo.<\/p>\n\n\n\n<p><\/p>\n","protected":false},"excerpt":{"rendered":"<p>Se dieron el s\u00ed, en una boda colectiva. Cuando el amor toca a la puerta no importa con qui\u00e9n. En Hueyapan de Ocampo, en el Estado de Veracruz, la comunidad se qued\u00f3 sorprendida luego que dos compadres se casaron por la v\u00eda civil. El hecho se registr\u00f3 en las bodas colectivas que organiz\u00f3 el Ayuntamiento. [&hellip;]<\/p>\n","protected":false},"author":23,"featured_media":25508,"comment_status":"open","ping_status":"open","sticky":false,"template":"","format":"standard","meta":{"footnotes":""},"categories":[1,24],"tags":[],"class_list":{"0":"post-25507","1":"post","2":"type-post","3":"status-publish","4":"format-standard","5":"has-post-thumbnail","7":"category-destacadas","8":"category-informacion-general"},"_links":{"self":[{"href":"https:\/\/cronicadesoledad.com\/index.php\/wp-json\/wp\/v2\/posts\/25507","targetHints":{"allow":["GET"]}}],"collection":[{"href":"https:\/\/cronicadesoledad.com\/index.php\/wp-json\/wp\/v2\/posts"}],"about":[{"href":"https:\/\/cronicadesoledad.com\/index.php\/wp-json\/wp\/v2\/types\/post"}],"author":[{"embeddable":true,"href":"https:\/\/cronicadesoledad.com\/index.php\/wp-json\/wp\/v2\/users\/23"}],"replies":[{"embeddable":true,"href":"https:\/\/cronicadesoledad.com\/index.php\/wp-json\/wp\/v2\/comments?post=25507"}],"version-history":[{"count":1,"href":"https:\/\/cronicadesoledad.com\/index.php\/wp-json\/wp\/v2\/posts\/25507\/revisions"}],"predecessor-version":[{"id":25510,"href":"https:\/\/cronicadesoledad.com\/index.php\/wp-json\/wp\/v2\/posts\/25507\/revisions\/25510"}],"wp:featuredmedia":[{"embeddable":true,"href":"https:\/\/cronicadesoledad.com\/index.php\/wp-json\/wp\/v2\/media\/25508"}],"wp:attachment":[{"href":"https:\/\/cronicadesoledad.com\/index.php\/wp-json\/wp\/v2\/media?parent=25507"}],"wp:term":[{"taxonomy":"category","embeddable":true,"href":"https:\/\/cronicadesoledad.com\/index.php\/wp-json\/wp\/v2\/categories?post=25507"},{"taxonomy":"post_tag","embeddable":true,"href":"https:\/\/cronicadesoledad.com\/index.php\/wp-json\/wp\/v2\/tags?post=25507"}],"curies":[{"name":"wp","href":"https:\/\/api.w.org\/{rel}","templated":true}]}}