{"id":25566,"date":"2026-03-04T14:10:14","date_gmt":"2026-03-04T20:10:14","guid":{"rendered":"https:\/\/cronicadesoledad.com\/?p=25566"},"modified":"2026-03-04T14:14:48","modified_gmt":"2026-03-04T20:14:48","slug":"pide-navarro-a-poblacion-no-realizar-quema-de-residuos","status":"publish","type":"post","link":"https:\/\/cronicadesoledad.com\/index.php\/2026\/03\/04\/pide-navarro-a-poblacion-no-realizar-quema-de-residuos\/","title":{"rendered":"Pide Navarro a poblaci\u00f3n no realizar quema de residuos"},"content":{"rendered":"\n<p>El Alcalde de Soledad de Graciano S\u00e1nchez, Juan Manuel Navarro Mu\u00f1iz hizo un llamado firme a la ciudadan\u00eda para evitar la quema clandestina de basura y cualquier acci\u00f3n que pueda provocar incendios, al se\u00f1alar que estas pr\u00e1cticas ponen en riesgo a las familias y generan la movilizaci\u00f3n de recursos materiales y humanos indispensables para la atenci\u00f3n de otras necesidades prioritarias del municipio.<\/p>\n\n\n\n<p>El Presidente Municipal advirti\u00f3 que los incendios en lotes bald\u00edos y espacios p\u00fablicos suelen originarse por descuidos como arrojar colillas de cigarro, encender fogatas o prender fuego a residuos s\u00f3lidos, situaciones que pueden salirse de control en minutos, generar temor entre la poblaci\u00f3n y afectar el patrimonio de las y los soledenses.<\/p>\n\n\n\n<figure class=\"wp-block-image size-full\"><img loading=\"lazy\" decoding=\"async\" width=\"841\" height=\"853\" src=\"https:\/\/cronicadesoledad.com\/wp-content\/uploads\/2026\/03\/WhatsApp-Image-2026-03-04-at-12.22.13-PM.jpeg\" alt=\"\" class=\"wp-image-25570\" srcset=\"https:\/\/cronicadesoledad.com\/wp-content\/uploads\/2026\/03\/WhatsApp-Image-2026-03-04-at-12.22.13-PM.jpeg 841w, https:\/\/cronicadesoledad.com\/wp-content\/uploads\/2026\/03\/WhatsApp-Image-2026-03-04-at-12.22.13-PM-296x300.jpeg 296w, https:\/\/cronicadesoledad.com\/wp-content\/uploads\/2026\/03\/WhatsApp-Image-2026-03-04-at-12.22.13-PM-768x779.jpeg 768w, https:\/\/cronicadesoledad.com\/wp-content\/uploads\/2026\/03\/WhatsApp-Image-2026-03-04-at-12.22.13-PM-696x706.jpeg 696w\" sizes=\"auto, (max-width: 841px) 100vw, 841px\" \/><\/figure>\n\n\n\n<p>\u201cEl llamado a la ciudadan\u00eda es que no arrojen colillas de cigarro, que no generen incendios, que no tiren basura ni la quemen en lugares p\u00fablicos, porque la verdad genera un riesgo, genera incertidumbre entre la poblaci\u00f3n y adem\u00e1s implica la movilizaci\u00f3n de equipos y de agua que no tenemos y que tenemos que estar llevando\u201d, expres\u00f3 el edil, al reiterar que la prevenci\u00f3n es una responsabilidad compartida.<\/p>\n\n\n\n<p>Asimismo, record\u00f3 que el Ayuntamiento cuenta con la facultad de aplicar sanciones administrativas a quienes realicen quemas o provoquen incendios, conforme a la normativa municipal vigente, y destac\u00f3 que su gobierno mantiene coordinaci\u00f3n permanente entre Protecci\u00f3n Civil, Seguridad P\u00fablica y Servicios Municipales, para fortalecer las acciones preventivas y consolidar un municipio m\u00e1s ordenado, seguro y con mejores condiciones de vida para todas y todos.<\/p>\n\n\n\n<p>A\u00f1adi\u00f3 que la corresponsabilidad ciudadana y gubernamental, es esencial para impulsar el bienestar social, la protecci\u00f3n de la integridad y el patrimonio de las familias soledenses, por lo que el Gobierno municipal trabaja diariamente para prevenir y actuar en situaciones de riesgo.<\/p>\n\n\n\n<p><\/p>\n","protected":false},"excerpt":{"rendered":"<p>El Alcalde de Soledad de Graciano S\u00e1nchez, Juan Manuel Navarro Mu\u00f1iz hizo un llamado firme a la ciudadan\u00eda para evitar la quema clandestina de basura y cualquier acci\u00f3n que pueda provocar incendios, al se\u00f1alar que estas pr\u00e1cticas ponen en riesgo a las familias y generan la movilizaci\u00f3n de recursos materiales y humanos indispensables para la [&hellip;]<\/p>\n","protected":false},"author":23,"featured_media":25567,"comment_status":"open","ping_status":"open","sticky":false,"template":"","format":"standard","meta":{"footnotes":""},"categories":[1,21],"tags":[],"class_list":{"0":"post-25566","1":"post","2":"type-post","3":"status-publish","4":"format-standard","5":"has-post-thumbnail","7":"category-destacadas","8":"category-tu-soledad"},"_links":{"self":[{"href":"https:\/\/cronicadesoledad.com\/index.php\/wp-json\/wp\/v2\/posts\/25566","targetHints":{"allow":["GET"]}}],"collection":[{"href":"https:\/\/cronicadesoledad.com\/index.php\/wp-json\/wp\/v2\/posts"}],"about":[{"href":"https:\/\/cronicadesoledad.com\/index.php\/wp-json\/wp\/v2\/types\/post"}],"author":[{"embeddable":true,"href":"https:\/\/cronicadesoledad.com\/index.php\/wp-json\/wp\/v2\/users\/23"}],"replies":[{"embeddable":true,"href":"https:\/\/cronicadesoledad.com\/index.php\/wp-json\/wp\/v2\/comments?post=25566"}],"version-history":[{"count":2,"href":"https:\/\/cronicadesoledad.com\/index.php\/wp-json\/wp\/v2\/posts\/25566\/revisions"}],"predecessor-version":[{"id":25571,"href":"https:\/\/cronicadesoledad.com\/index.php\/wp-json\/wp\/v2\/posts\/25566\/revisions\/25571"}],"wp:featuredmedia":[{"embeddable":true,"href":"https:\/\/cronicadesoledad.com\/index.php\/wp-json\/wp\/v2\/media\/25567"}],"wp:attachment":[{"href":"https:\/\/cronicadesoledad.com\/index.php\/wp-json\/wp\/v2\/media?parent=25566"}],"wp:term":[{"taxonomy":"category","embeddable":true,"href":"https:\/\/cronicadesoledad.com\/index.php\/wp-json\/wp\/v2\/categories?post=25566"},{"taxonomy":"post_tag","embeddable":true,"href":"https:\/\/cronicadesoledad.com\/index.php\/wp-json\/wp\/v2\/tags?post=25566"}],"curies":[{"name":"wp","href":"https:\/\/api.w.org\/{rel}","templated":true}]}}