{"id":25579,"date":"2026-03-04T14:35:03","date_gmt":"2026-03-04T20:35:03","guid":{"rendered":"https:\/\/cronicadesoledad.com\/?p=25579"},"modified":"2026-03-04T14:37:20","modified_gmt":"2026-03-04T20:37:20","slug":"guardia-civil-resguarda-a-dos-menores-y-detuvo-a-mujer-por-maltrato","status":"publish","type":"post","link":"https:\/\/cronicadesoledad.com\/index.php\/2026\/03\/04\/guardia-civil-resguarda-a-dos-menores-y-detuvo-a-mujer-por-maltrato\/","title":{"rendered":"Guardia Civil resguarda a dos menores y detuvo a mujer por maltrato"},"content":{"rendered":"\n<h2 class=\"wp-block-heading\">El hecho, tras atender un reporte ciudadano en la colonia Valle de la Palma.<\/h2>\n\n\n\n<p>Derivado de la respuesta inmediata a un reporte ciudadano, mediante acciones coordinadas entre la Direcci\u00f3n de Fuerzas Municipales y la Unidad Especializada de Atenci\u00f3n de Violencia Familiar y de G\u00e9nero (UAVI), fueron resguardados dos menores de 4 y 2 a\u00f1os de edad, y detuvieron a una mujer por presunto maltrato infantil.<\/p>\n\n\n\n<p>Agentes de UAVI y Fuerzas Municipales, se presentaron en un domicilio en la calle Palma de la Cruz, en la colonia Valle de la Palma, donde una persona les indic\u00f3 que dos menores se encontraban solos y en posible situaci\u00f3n de riesgo; agreg\u00f3 que su madre constantemente los deja solos y los violenta de distintas formas.<\/p>\n\n\n\n<figure class=\"wp-block-image size-full\"><img loading=\"lazy\" decoding=\"async\" width=\"718\" height=\"932\" src=\"https:\/\/cronicadesoledad.com\/wp-content\/uploads\/2026\/03\/IMG-20260304-WA0036.jpg\" alt=\"\" class=\"wp-image-25584\" srcset=\"https:\/\/cronicadesoledad.com\/wp-content\/uploads\/2026\/03\/IMG-20260304-WA0036.jpg 718w, https:\/\/cronicadesoledad.com\/wp-content\/uploads\/2026\/03\/IMG-20260304-WA0036-231x300.jpg 231w, https:\/\/cronicadesoledad.com\/wp-content\/uploads\/2026\/03\/IMG-20260304-WA0036-696x903.jpg 696w\" sizes=\"auto, (max-width: 718px) 100vw, 718px\" \/><\/figure>\n\n\n\n<p>En el lugar, oficiales municipales observaron a los infantes, quienes mostraban aparentes signos de violencia, por lo que de inmediato procedieron con el debido protocolo de actuaci\u00f3n para su protecci\u00f3n y resguardo, adem\u00e1s de brindarles atenci\u00f3n integral y vincularlos ante las instancias correspondientes.<\/p>\n\n\n\n<p>En el lugar se present\u00f3 una mujer, quien asegur\u00f3 ser la madre de los ni\u00f1os, y luego de ser entrevistada se identific\u00f3 como Heidi &#8220;N&#8221; de 24 a\u00f1os, a quien le dieron a conocer que ser\u00eda detenida por presunto maltrato infantil.<\/p>\n\n\n\n<p>Los menores fueron trasladados a la comandancia central de la corporaci\u00f3n, donde se les brind\u00f3 atenci\u00f3n m\u00e9dica, adem\u00e1s de dar parte a las autoridades correspondientes, mientras que la arrestada fue puesta a disposici\u00f3n de la Fiscal\u00eda General del Estado de San Luis Potos\u00ed (FGESLP), para determinar su situaci\u00f3n legal.<\/p>\n\n\n\n<p><\/p>\n","protected":false},"excerpt":{"rendered":"<p>El hecho, tras atender un reporte ciudadano en la colonia Valle de la Palma. Derivado de la respuesta inmediata a un reporte ciudadano, mediante acciones coordinadas entre la Direcci\u00f3n de Fuerzas Municipales y la Unidad Especializada de Atenci\u00f3n de Violencia Familiar y de G\u00e9nero (UAVI), fueron resguardados dos menores de 4 y 2 a\u00f1os de [&hellip;]<\/p>\n","protected":false},"author":23,"featured_media":25580,"comment_status":"open","ping_status":"open","sticky":false,"template":"","format":"standard","meta":{"footnotes":""},"categories":[1,19,21],"tags":[],"class_list":{"0":"post-25579","1":"post","2":"type-post","3":"status-publish","4":"format-standard","5":"has-post-thumbnail","7":"category-destacadas","8":"category-seguridad","9":"category-tu-soledad"},"_links":{"self":[{"href":"https:\/\/cronicadesoledad.com\/index.php\/wp-json\/wp\/v2\/posts\/25579","targetHints":{"allow":["GET"]}}],"collection":[{"href":"https:\/\/cronicadesoledad.com\/index.php\/wp-json\/wp\/v2\/posts"}],"about":[{"href":"https:\/\/cronicadesoledad.com\/index.php\/wp-json\/wp\/v2\/types\/post"}],"author":[{"embeddable":true,"href":"https:\/\/cronicadesoledad.com\/index.php\/wp-json\/wp\/v2\/users\/23"}],"replies":[{"embeddable":true,"href":"https:\/\/cronicadesoledad.com\/index.php\/wp-json\/wp\/v2\/comments?post=25579"}],"version-history":[{"count":2,"href":"https:\/\/cronicadesoledad.com\/index.php\/wp-json\/wp\/v2\/posts\/25579\/revisions"}],"predecessor-version":[{"id":25585,"href":"https:\/\/cronicadesoledad.com\/index.php\/wp-json\/wp\/v2\/posts\/25579\/revisions\/25585"}],"wp:featuredmedia":[{"embeddable":true,"href":"https:\/\/cronicadesoledad.com\/index.php\/wp-json\/wp\/v2\/media\/25580"}],"wp:attachment":[{"href":"https:\/\/cronicadesoledad.com\/index.php\/wp-json\/wp\/v2\/media?parent=25579"}],"wp:term":[{"taxonomy":"category","embeddable":true,"href":"https:\/\/cronicadesoledad.com\/index.php\/wp-json\/wp\/v2\/categories?post=25579"},{"taxonomy":"post_tag","embeddable":true,"href":"https:\/\/cronicadesoledad.com\/index.php\/wp-json\/wp\/v2\/tags?post=25579"}],"curies":[{"name":"wp","href":"https:\/\/api.w.org\/{rel}","templated":true}]}}