{"id":25587,"date":"2026-03-05T12:19:57","date_gmt":"2026-03-05T18:19:57","guid":{"rendered":"https:\/\/cronicadesoledad.com\/?p=25587"},"modified":"2026-03-05T12:19:59","modified_gmt":"2026-03-05T18:19:59","slug":"fenae-presenta-su-cartelera-musical","status":"publish","type":"post","link":"https:\/\/cronicadesoledad.com\/index.php\/2026\/03\/05\/fenae-presenta-su-cartelera-musical\/","title":{"rendered":"FENAE presenta su cartelera musical"},"content":{"rendered":"\n<p><\/p>\n\n\n\n<p>En un evento realizado con grandes personalidades, el Alcalde Juan Manuel Navarro Mu\u00f1iz y el Gobernador, Ricardo Gallardo Cardona, presentaron la cartelera musical que engalanar\u00e1 el escenario del Teatro del Pueblo de la Feria Nacional de la Enchilada (FENAE) 2026, as\u00ed como actividades deportivas, gastron\u00f3micas y culturales.<\/p>\n\n\n\n<p>La m\u00e1xima fiesta de las y los soledenses, ser\u00e1 inaugurada por la agrupaci\u00f3n Bronco el s\u00e1bado 4 de abril, para despu\u00e9s recibir a artistas de primer nivel como Los Acosta, Gloria Trevi, Luis R Conriquez, El Tri, Los Hor\u00f3scopos de Durango, La Arrolladora Banda El Lim\u00f3n, entre otros.<\/p>\n\n\n\n<p>Entre las actividades m\u00e1s atractivas, destacan la Carrera Atl\u00e9tica de la Enchilada, la Copa Soledad, torneo de Strongamia y el Concurso Gastron\u00f3mico.<\/p>\n\n\n\n<p>\u00a1Del 4 al 12 de abril, la Feria Nacional de la Enchilada sabe a fiesta!<\/p>\n","protected":false},"excerpt":{"rendered":"<p>En un evento realizado con grandes personalidades, el Alcalde Juan Manuel Navarro Mu\u00f1iz y el Gobernador, Ricardo Gallardo Cardona, presentaron la cartelera musical que engalanar\u00e1 el escenario del Teatro del Pueblo de la Feria Nacional de la Enchilada (FENAE) 2026, as\u00ed como actividades deportivas, gastron\u00f3micas y culturales. La m\u00e1xima fiesta de las y los soledenses, [&hellip;]<\/p>\n","protected":false},"author":23,"featured_media":25588,"comment_status":"open","ping_status":"open","sticky":false,"template":"","format":"standard","meta":{"footnotes":""},"categories":[1,21],"tags":[],"class_list":{"0":"post-25587","1":"post","2":"type-post","3":"status-publish","4":"format-standard","5":"has-post-thumbnail","7":"category-destacadas","8":"category-tu-soledad"},"_links":{"self":[{"href":"https:\/\/cronicadesoledad.com\/index.php\/wp-json\/wp\/v2\/posts\/25587","targetHints":{"allow":["GET"]}}],"collection":[{"href":"https:\/\/cronicadesoledad.com\/index.php\/wp-json\/wp\/v2\/posts"}],"about":[{"href":"https:\/\/cronicadesoledad.com\/index.php\/wp-json\/wp\/v2\/types\/post"}],"author":[{"embeddable":true,"href":"https:\/\/cronicadesoledad.com\/index.php\/wp-json\/wp\/v2\/users\/23"}],"replies":[{"embeddable":true,"href":"https:\/\/cronicadesoledad.com\/index.php\/wp-json\/wp\/v2\/comments?post=25587"}],"version-history":[{"count":1,"href":"https:\/\/cronicadesoledad.com\/index.php\/wp-json\/wp\/v2\/posts\/25587\/revisions"}],"predecessor-version":[{"id":25589,"href":"https:\/\/cronicadesoledad.com\/index.php\/wp-json\/wp\/v2\/posts\/25587\/revisions\/25589"}],"wp:featuredmedia":[{"embeddable":true,"href":"https:\/\/cronicadesoledad.com\/index.php\/wp-json\/wp\/v2\/media\/25588"}],"wp:attachment":[{"href":"https:\/\/cronicadesoledad.com\/index.php\/wp-json\/wp\/v2\/media?parent=25587"}],"wp:term":[{"taxonomy":"category","embeddable":true,"href":"https:\/\/cronicadesoledad.com\/index.php\/wp-json\/wp\/v2\/categories?post=25587"},{"taxonomy":"post_tag","embeddable":true,"href":"https:\/\/cronicadesoledad.com\/index.php\/wp-json\/wp\/v2\/tags?post=25587"}],"curies":[{"name":"wp","href":"https:\/\/api.w.org\/{rel}","templated":true}]}}