{"id":25590,"date":"2026-03-05T12:40:46","date_gmt":"2026-03-05T18:40:46","guid":{"rendered":"https:\/\/cronicadesoledad.com\/?p=25590"},"modified":"2026-03-05T12:40:47","modified_gmt":"2026-03-05T18:40:47","slug":"todo-listo-para-la-feria-nacional-de-la-enchilada","status":"publish","type":"post","link":"https:\/\/cronicadesoledad.com\/index.php\/2026\/03\/05\/todo-listo-para-la-feria-nacional-de-la-enchilada\/","title":{"rendered":"Todo listo para la Feria Nacional de la Enchilada"},"content":{"rendered":"\n<p><strong>En 14 a\u00f1os se consolida como uno de los eventos m\u00e1s importantes de San Luis Potos\u00ed.<\/strong><\/p>\n\n\n\n<p>El Gobernador del Estado, Ricardo Gallardo Cardona, invita a las y los potosinos a disfrutar de la Feria Nacional de la Enchilada (FENAE) en su edici\u00f3n 2026, la festividad m\u00e1s representativa del municipio de Soledad de Graciano S\u00e1nchez, que tendr\u00e1 lugar del 4 al 12 de abril pr\u00f3ximos.<\/p>\n\n\n\n<p>Durante la presentaci\u00f3n del evento a medios de comunicaci\u00f3n, el Gobernador mencion\u00f3 que desde hace 14 a\u00f1os se ha venido trabajando para posicionar a la FENAE como una de las ferias m\u00e1s importantes del centro del pa\u00eds.<\/p>\n\n\n\n<figure class=\"wp-block-image size-large\"><img loading=\"lazy\" decoding=\"async\" width=\"1024\" height=\"798\" src=\"https:\/\/cronicadesoledad.com\/wp-content\/uploads\/2026\/03\/1000439941-1024x798.jpg\" alt=\"\" class=\"wp-image-25592\" srcset=\"https:\/\/cronicadesoledad.com\/wp-content\/uploads\/2026\/03\/1000439941-1024x798.jpg 1024w, https:\/\/cronicadesoledad.com\/wp-content\/uploads\/2026\/03\/1000439941-300x234.jpg 300w, https:\/\/cronicadesoledad.com\/wp-content\/uploads\/2026\/03\/1000439941-768x598.jpg 768w, https:\/\/cronicadesoledad.com\/wp-content\/uploads\/2026\/03\/1000439941-696x542.jpg 696w, https:\/\/cronicadesoledad.com\/wp-content\/uploads\/2026\/03\/1000439941-1068x832.jpg 1068w, https:\/\/cronicadesoledad.com\/wp-content\/uploads\/2026\/03\/1000439941.jpg 1386w\" sizes=\"auto, (max-width: 1024px) 100vw, 1024px\" \/><\/figure>\n\n\n\n<p>\u201cEstamos muy contentos de estar el d\u00eda de hoy aqu\u00ed, promocionando este evento y agradeciendo a toda la gente que hace grande a este municipio\u201d.<\/p>\n\n\n\n<p>Destac\u00f3 que esta edici\u00f3n contar\u00e1 con la participaci\u00f3n de grandes artistas como Gloria Trevi, Hor\u00f3scopos de Durango, Bronco, entre otros, adem\u00e1s de actividades para toda la familia, lo que habr\u00e1 de consolidarla como uno de los eventos m\u00e1s atractivos del Estado.<\/p>\n\n\n\n<p>Asimismo, record\u00f3 que esta feria ha sido hist\u00f3ricamente una de las celebraciones m\u00e1s importantes de la regi\u00f3n, incluso llegando a competir con la FENAPO.<\/p>\n\n\n\n<figure class=\"wp-block-image size-large\"><img loading=\"lazy\" decoding=\"async\" width=\"687\" height=\"1024\" src=\"https:\/\/cronicadesoledad.com\/wp-content\/uploads\/2026\/03\/1000439928-687x1024.jpg\" alt=\"\" class=\"wp-image-25593\" srcset=\"https:\/\/cronicadesoledad.com\/wp-content\/uploads\/2026\/03\/1000439928-687x1024.jpg 687w, https:\/\/cronicadesoledad.com\/wp-content\/uploads\/2026\/03\/1000439928-201x300.jpg 201w, https:\/\/cronicadesoledad.com\/wp-content\/uploads\/2026\/03\/1000439928-768x1144.jpg 768w, https:\/\/cronicadesoledad.com\/wp-content\/uploads\/2026\/03\/1000439928-1031x1536.jpg 1031w, https:\/\/cronicadesoledad.com\/wp-content\/uploads\/2026\/03\/1000439928-696x1037.jpg 696w, https:\/\/cronicadesoledad.com\/wp-content\/uploads\/2026\/03\/1000439928-1068x1591.jpg 1068w, https:\/\/cronicadesoledad.com\/wp-content\/uploads\/2026\/03\/1000439928.jpg 1074w\" sizes=\"auto, (max-width: 687px) 100vw, 687px\" \/><\/figure>\n\n\n\n<p>Gallardo Cardona, subray\u00f3 que el objetivo es que las familias disfruten del evento con juegos gratuitos, gastronom\u00eda t\u00edpica y espect\u00e1culos de calidad, al mismo tiempo que se beneficia el sector comercial y tur\u00edstico del centro de Soledad de Graciano S\u00e1nchez.<\/p>\n\n\n\n<p>Finalmente, el Gobernador del Estado, reconoci\u00f3 el gran trabajo que ha realizado el Alcalde Juan Manuel Navarro, en dicho municipio y el cual ha logrado impulsar el desarrollo y la movilidad de los programas sociales en favor de las familias soledenses.<\/p>\n","protected":false},"excerpt":{"rendered":"<p>En 14 a\u00f1os se consolida como uno de los eventos m\u00e1s importantes de San Luis Potos\u00ed. El Gobernador del Estado, Ricardo Gallardo Cardona, invita a las y los potosinos a disfrutar de la Feria Nacional de la Enchilada (FENAE) en su edici\u00f3n 2026, la festividad m\u00e1s representativa del municipio de Soledad de Graciano S\u00e1nchez, que [&hellip;]<\/p>\n","protected":false},"author":23,"featured_media":25591,"comment_status":"open","ping_status":"open","sticky":false,"template":"","format":"standard","meta":{"footnotes":""},"categories":[1,21],"tags":[],"class_list":{"0":"post-25590","1":"post","2":"type-post","3":"status-publish","4":"format-standard","5":"has-post-thumbnail","7":"category-destacadas","8":"category-tu-soledad"},"_links":{"self":[{"href":"https:\/\/cronicadesoledad.com\/index.php\/wp-json\/wp\/v2\/posts\/25590","targetHints":{"allow":["GET"]}}],"collection":[{"href":"https:\/\/cronicadesoledad.com\/index.php\/wp-json\/wp\/v2\/posts"}],"about":[{"href":"https:\/\/cronicadesoledad.com\/index.php\/wp-json\/wp\/v2\/types\/post"}],"author":[{"embeddable":true,"href":"https:\/\/cronicadesoledad.com\/index.php\/wp-json\/wp\/v2\/users\/23"}],"replies":[{"embeddable":true,"href":"https:\/\/cronicadesoledad.com\/index.php\/wp-json\/wp\/v2\/comments?post=25590"}],"version-history":[{"count":1,"href":"https:\/\/cronicadesoledad.com\/index.php\/wp-json\/wp\/v2\/posts\/25590\/revisions"}],"predecessor-version":[{"id":25594,"href":"https:\/\/cronicadesoledad.com\/index.php\/wp-json\/wp\/v2\/posts\/25590\/revisions\/25594"}],"wp:featuredmedia":[{"embeddable":true,"href":"https:\/\/cronicadesoledad.com\/index.php\/wp-json\/wp\/v2\/media\/25591"}],"wp:attachment":[{"href":"https:\/\/cronicadesoledad.com\/index.php\/wp-json\/wp\/v2\/media?parent=25590"}],"wp:term":[{"taxonomy":"category","embeddable":true,"href":"https:\/\/cronicadesoledad.com\/index.php\/wp-json\/wp\/v2\/categories?post=25590"},{"taxonomy":"post_tag","embeddable":true,"href":"https:\/\/cronicadesoledad.com\/index.php\/wp-json\/wp\/v2\/tags?post=25590"}],"curies":[{"name":"wp","href":"https:\/\/api.w.org\/{rel}","templated":true}]}}