{"id":25600,"date":"2026-03-06T13:30:55","date_gmt":"2026-03-06T19:30:55","guid":{"rendered":"https:\/\/cronicadesoledad.com\/?p=25600"},"modified":"2026-03-06T14:12:22","modified_gmt":"2026-03-06T20:12:22","slug":"fenae-impulsara-identidad-turismo-y-economia","status":"publish","type":"post","link":"https:\/\/cronicadesoledad.com\/index.php\/2026\/03\/06\/fenae-impulsara-identidad-turismo-y-economia\/","title":{"rendered":"FENAE impulsar\u00e1 identidad, turismo y econom\u00eda"},"content":{"rendered":"\n<h2 class=\"wp-block-heading\">Del 4 al 12 de abril Soledad est\u00e1 de fiesta <\/h2>\n\n\n\n<p> Una cartelera musical de renombre musical, una Muestra Gastron\u00f3mica que reunir\u00e1 a los mejores expositores de enchiladas en todas sus variantes, una Carrera Atl\u00e9tica con una premiaci\u00f3n de m\u00e1s de 300 mil pesos, una Copa de f\u00fatbol y otros atractivos, ser\u00e1n clave durante el desarrollo de la Feria Nacional de la Enchilada 2026, presentada este jueves por el Alcalde, Juan Manuel Navarro Mu\u00f1iz y el Gobernador, Ricardo Gallardo Cardona.<\/p>\n\n\n\n<figure class=\"wp-block-image size-large\"><img loading=\"lazy\" decoding=\"async\" width=\"1024\" height=\"683\" src=\"https:\/\/cronicadesoledad.com\/wp-content\/uploads\/2026\/03\/1000440022-1024x683.jpg\" alt=\"\" class=\"wp-image-25601\" srcset=\"https:\/\/cronicadesoledad.com\/wp-content\/uploads\/2026\/03\/1000440022-1024x683.jpg 1024w, https:\/\/cronicadesoledad.com\/wp-content\/uploads\/2026\/03\/1000440022-300x200.jpg 300w, https:\/\/cronicadesoledad.com\/wp-content\/uploads\/2026\/03\/1000440022-768x512.jpg 768w, https:\/\/cronicadesoledad.com\/wp-content\/uploads\/2026\/03\/1000440022-696x464.jpg 696w, https:\/\/cronicadesoledad.com\/wp-content\/uploads\/2026\/03\/1000440022.jpg 1032w\" sizes=\"auto, (max-width: 1024px) 100vw, 1024px\" \/><\/figure>\n\n\n\n<p>Durante la presentaci\u00f3n del programa de actividades, el edil subray\u00f3 que la Feria, que se realizar\u00e1 del 4 al 12 de abril, representa una de las mayores expresiones de orgullo, historia e identidad para las y los soledenses, al reunir actividades tur\u00edsticas, culturales, gastron\u00f3micas, deportivas y art\u00edsticas pensadas para la convivencia familiar.<\/p>\n\n\n\n<p> \u201cUna de nuestras mayores festividades que nos permite transmitir nuestra identidad, historia, orgullo y sentido de pertenencia es nuestra Feria Nacional de la Enchilada 2026, que inicia este 4 de abril en una temporada id\u00f3nea para que las familias locales y visitantes disfruten y convivan con m\u00faltiples opciones de entretenimiento gratuito para todas las edades\u201d, expres\u00f3.<\/p>\n\n\n\n<p>Navarro Mu\u00f1iz resalt\u00f3 que este evento naci\u00f3 hace 14 a\u00f1os con la visi\u00f3n de fortalecer la identidad del municipio y proyectar la riqueza gastron\u00f3mica de Soledad, destacando que hoy la FENAE representa una plataforma de desarrollo econ\u00f3mico para diversos sectores. <\/p>\n\n\n\n<p>\u201cHoy Soledad recibe a cientos de comerciantes en la tradicional muestra gastron\u00f3mica y en los pabellones comerciales y artesanales; es una oportunidad de crecimiento para todos ellos, pero tambi\u00e9n para las familias que asisten a divertirse, adem\u00e1s de que sectores como el transporte p\u00fablico, la hoteler\u00eda, restaurantes y el comercio del primer cuadro del municipio se benefician con la derrama econ\u00f3mica que genera esta gran fiesta\u201d, afirm\u00f3.<\/p>\n\n\n\n<p>Asimismo, destac\u00f3 que esta edici\u00f3n contar\u00e1 con una amplia cartelera art\u00edstica, cultural y deportiva, adem\u00e1s de actividades tradicionales como la Carrera Atl\u00e9tica de la Enchilada, las cuales cada a\u00f1o re\u00fanen a miles de visitantes.<\/p>\n\n\n\n<p> \u201cLa cartelera que hoy se da a conocer es para todos los gustos y todos los g\u00e9neros; estamos muy complacidos de presentar una de las mejores ediciones de la Feria Nacional de la Enchilada, que del 4 al 12 de abril, ser\u00e1 una gran fiesta familiar con un ambiente seguro para todos nuestros visitantes\u201d, se\u00f1al\u00f3.<\/p>\n\n\n\n<figure class=\"wp-block-image size-large\"><img loading=\"lazy\" decoding=\"async\" width=\"687\" height=\"1024\" src=\"https:\/\/cronicadesoledad.com\/wp-content\/uploads\/2026\/03\/1000439928-1-687x1024.jpg\" alt=\"\" class=\"wp-image-25602\" srcset=\"https:\/\/cronicadesoledad.com\/wp-content\/uploads\/2026\/03\/1000439928-1-687x1024.jpg 687w, https:\/\/cronicadesoledad.com\/wp-content\/uploads\/2026\/03\/1000439928-1-201x300.jpg 201w, https:\/\/cronicadesoledad.com\/wp-content\/uploads\/2026\/03\/1000439928-1-768x1144.jpg 768w, https:\/\/cronicadesoledad.com\/wp-content\/uploads\/2026\/03\/1000439928-1-1031x1536.jpg 1031w, https:\/\/cronicadesoledad.com\/wp-content\/uploads\/2026\/03\/1000439928-1-696x1037.jpg 696w, https:\/\/cronicadesoledad.com\/wp-content\/uploads\/2026\/03\/1000439928-1-1068x1591.jpg 1068w, https:\/\/cronicadesoledad.com\/wp-content\/uploads\/2026\/03\/1000439928-1.jpg 1074w\" sizes=\"auto, (max-width: 687px) 100vw, 687px\" \/><\/figure>\n\n\n\n<p>Por su parte, el Gobernador Ricardo Gallardo Cardona record\u00f3 que esta celebraci\u00f3n naci\u00f3 con el objetivo de brindar identidad al municipio y enaltecer el origen de uno de los platillos m\u00e1s representativos del estado. <\/p>\n\n\n\n<p>\u201cLa enchilada potosina no es de San Luis Potos\u00ed, es de Soledad de Graciano S\u00e1nchez, y por eso defendimos esa gastronom\u00eda que hoy representa al estado a nivel mundial, desde su primera edici\u00f3n, la Feria Nacional de la Enchilada marc\u00f3 un antes y un despu\u00e9s al ofrecer espect\u00e1culos masivos, juegos gratuitos y espacios para que las familias disfrutaran juntas\u201d, expres\u00f3, al invitar a visitantes de todo el pa\u00eds a vivir esta gran celebraci\u00f3n que fortalece el turismo, la econom\u00eda y el orgullo de las familias potosinas.<\/p>\n\n\n\n<p>Dentro de los atractivos de este 2026, los juegos mec\u00e1nicos ser\u00e1n completamente gratuitos, como una estrategia de atracci\u00f3n de visitantes y de protecci\u00f3n a la econom\u00eda familiar, garantizando que todas y todos los peque\u00f1os y j\u00f3venes disfruten de emociones extremas y tengan un espacio dedicado totalmente para ellas y ellos. La FENAE se enaltece un a\u00f1o m\u00e1s, con una amplia variedad de eventualidades que prometen ser mejores que el 2025.<\/p>\n\n\n\n<p> Se invita a toda la poblaci\u00f3n a ser parte de esta edici\u00f3n y disfrutar como nunca de grandes conciertos, gastronom\u00eda soledenses y diversi\u00f3n gratuita.<\/p>\n\n\n\n<p><\/p>\n","protected":false},"excerpt":{"rendered":"<p>Del 4 al 12 de abril Soledad est\u00e1 de fiesta Una cartelera musical de renombre musical, una Muestra Gastron\u00f3mica que reunir\u00e1 a los mejores expositores de enchiladas en todas sus variantes, una Carrera Atl\u00e9tica con una premiaci\u00f3n de m\u00e1s de 300 mil pesos, una Copa de f\u00fatbol y otros atractivos, ser\u00e1n clave durante el desarrollo [&hellip;]<\/p>\n","protected":false},"author":23,"featured_media":25604,"comment_status":"open","ping_status":"open","sticky":false,"template":"","format":"standard","meta":{"footnotes":""},"categories":[1],"tags":[],"class_list":{"0":"post-25600","1":"post","2":"type-post","3":"status-publish","4":"format-standard","5":"has-post-thumbnail","7":"category-destacadas"},"_links":{"self":[{"href":"https:\/\/cronicadesoledad.com\/index.php\/wp-json\/wp\/v2\/posts\/25600","targetHints":{"allow":["GET"]}}],"collection":[{"href":"https:\/\/cronicadesoledad.com\/index.php\/wp-json\/wp\/v2\/posts"}],"about":[{"href":"https:\/\/cronicadesoledad.com\/index.php\/wp-json\/wp\/v2\/types\/post"}],"author":[{"embeddable":true,"href":"https:\/\/cronicadesoledad.com\/index.php\/wp-json\/wp\/v2\/users\/23"}],"replies":[{"embeddable":true,"href":"https:\/\/cronicadesoledad.com\/index.php\/wp-json\/wp\/v2\/comments?post=25600"}],"version-history":[{"count":1,"href":"https:\/\/cronicadesoledad.com\/index.php\/wp-json\/wp\/v2\/posts\/25600\/revisions"}],"predecessor-version":[{"id":25603,"href":"https:\/\/cronicadesoledad.com\/index.php\/wp-json\/wp\/v2\/posts\/25600\/revisions\/25603"}],"wp:featuredmedia":[{"embeddable":true,"href":"https:\/\/cronicadesoledad.com\/index.php\/wp-json\/wp\/v2\/media\/25604"}],"wp:attachment":[{"href":"https:\/\/cronicadesoledad.com\/index.php\/wp-json\/wp\/v2\/media?parent=25600"}],"wp:term":[{"taxonomy":"category","embeddable":true,"href":"https:\/\/cronicadesoledad.com\/index.php\/wp-json\/wp\/v2\/categories?post=25600"},{"taxonomy":"post_tag","embeddable":true,"href":"https:\/\/cronicadesoledad.com\/index.php\/wp-json\/wp\/v2\/tags?post=25600"}],"curies":[{"name":"wp","href":"https:\/\/api.w.org\/{rel}","templated":true}]}}