{"id":25616,"date":"2026-03-07T14:45:41","date_gmt":"2026-03-07T20:45:41","guid":{"rendered":"https:\/\/cronicadesoledad.com\/?p=25616"},"modified":"2026-03-07T14:50:21","modified_gmt":"2026-03-07T20:50:21","slug":"villa-de-pozos-reconoce-el-liderazgo-y-aportacion-de-las-mujeres","status":"publish","type":"post","link":"https:\/\/cronicadesoledad.com\/index.php\/2026\/03\/07\/villa-de-pozos-reconoce-el-liderazgo-y-aportacion-de-las-mujeres\/","title":{"rendered":"Villa de Pozos reconoce el liderazgo y aportaci\u00f3n de las mujeres"},"content":{"rendered":"\n<h2 class=\"wp-block-heading\">Paty Aradillas entreg\u00f3 reconocimientos a 7 mujeres del municipio que han sido ejemplo e inspiraci\u00f3n para la comunidad.<\/h2>\n\n\n\n<p>En el marco de las actividades conmemorativas por el D\u00eda Internacional de la Mujer (8M), el Gobierno Municipal de Villa de Pozos, que encabeza la Presidenta Concejal, Paty Aradillas reconoci\u00f3 a mujeres poce\u00f1as que con su trabajo, dedicaci\u00f3n y compromiso, han destacado en distintos \u00e1mbitos de la vida social, convirti\u00e9ndose en ejemplo e inspiraci\u00f3n para otras mujeres del municipio.<\/p>\n\n\n\n<figure class=\"wp-block-image size-large\"><img loading=\"lazy\" decoding=\"async\" width=\"1024\" height=\"683\" src=\"https:\/\/cronicadesoledad.com\/wp-content\/uploads\/2026\/03\/WhatsApp-Image-2026-03-07-at-1024x683.jpeg\" alt=\"\" class=\"wp-image-25618\" srcset=\"https:\/\/cronicadesoledad.com\/wp-content\/uploads\/2026\/03\/WhatsApp-Image-2026-03-07-at-1024x683.jpeg 1024w, https:\/\/cronicadesoledad.com\/wp-content\/uploads\/2026\/03\/WhatsApp-Image-2026-03-07-at-300x200.jpeg 300w, https:\/\/cronicadesoledad.com\/wp-content\/uploads\/2026\/03\/WhatsApp-Image-2026-03-07-at-768x512.jpeg 768w, https:\/\/cronicadesoledad.com\/wp-content\/uploads\/2026\/03\/WhatsApp-Image-2026-03-07-at-1536x1024.jpeg 1536w, https:\/\/cronicadesoledad.com\/wp-content\/uploads\/2026\/03\/WhatsApp-Image-2026-03-07-at-2048x1366.jpeg 2048w, https:\/\/cronicadesoledad.com\/wp-content\/uploads\/2026\/03\/WhatsApp-Image-2026-03-07-at-696x464.jpeg 696w, https:\/\/cronicadesoledad.com\/wp-content\/uploads\/2026\/03\/WhatsApp-Image-2026-03-07-at-1068x712.jpeg 1068w, https:\/\/cronicadesoledad.com\/wp-content\/uploads\/2026\/03\/WhatsApp-Image-2026-03-07-at-1920x1280.jpeg 1920w\" sizes=\"auto, (max-width: 1024px) 100vw, 1024px\" \/><\/figure>\n\n\n\n<p>Durante el evento, la Presidenta Concejal Paty Aradillas entreg\u00f3 reconocimientos a mujeres destacadas de este municipio por su trayectoria y aportaciones en distintos \u00e1mbitos: Mar\u00eda Guadalupe Fraga Vargas, promotora de la municipalizaci\u00f3n; Mar\u00eda Elsa Huerta Balderas; Isabella Mart\u00ednez Mora, joven basquetbolista y seleccionada nacional; Petra Z\u00e1rate Mart\u00ednez, guardiana de las tradiciones; Sarah\u00ed Josefina Estrada Loredo, divulgadora cient\u00edfica; Brenda Elizabeth Rivas Palomo, polic\u00eda destacada de la Guardia Civil Municipal; y Ver\u00f3nica Vel\u00e1zquez Ram\u00edrez, pionera del boxeo femenino en el estado.<\/p>\n\n\n\n<p>El marco de este evento se vio engalanado con la presencia de Malena R\u00edos, activista y reconocida impulsora de la Ley \u00c1cida, quien se ha convertido en un referente nacional en la lucha por la justicia y la defensa de los derechos de las mujeres. Durante la jornada, comparti\u00f3 una emotiva conferencia dirigida a las y los asistentes, en la que relat\u00f3 su experiencia de vida y destac\u00f3 la importancia de alzar la voz, promover la resiliencia y fortalecer las acciones en favor de una sociedad libre de violencia contra las mujeres.<\/p>\n\n\n\n<p>Aradillas Adadillas expres\u00f3 que, en Villa de Pozos sabemos que el trabajo, la dedicaci\u00f3n y el compromiso de cada una de ustedes fortalece a las familias, impulsa a nuestra comunidad y nos inspira a seguir construyendo un municipio con m\u00e1s oportunidades para todas&#8221;.<br>Finalmente la directora de la Instancia Municipal de la Mujer, Nelly L\u00f3pez Soto, se\u00f1al\u00f3 que este reconocimiento permiti\u00f3 visibilizar historias de vida que reflejan el talento, la fortaleza y la determinaci\u00f3n de las mujeres poce\u00f1as, quienes desde distintos espacios contribuyen a fortalecer el tejido social y promover valores como la solidaridad, la igualdad de oportunidades y el impulso al talento femenino.<\/p>\n\n\n\n<figure class=\"wp-block-image size-large\"><img loading=\"lazy\" decoding=\"async\" width=\"1024\" height=\"683\" src=\"https:\/\/cronicadesoledad.com\/wp-content\/uploads\/2026\/03\/WhatsApp-Image-2026-03-07-1024x683.jpeg\" alt=\"\" class=\"wp-image-25619\" srcset=\"https:\/\/cronicadesoledad.com\/wp-content\/uploads\/2026\/03\/WhatsApp-Image-2026-03-07-1024x683.jpeg 1024w, https:\/\/cronicadesoledad.com\/wp-content\/uploads\/2026\/03\/WhatsApp-Image-2026-03-07-300x200.jpeg 300w, https:\/\/cronicadesoledad.com\/wp-content\/uploads\/2026\/03\/WhatsApp-Image-2026-03-07-768x512.jpeg 768w, https:\/\/cronicadesoledad.com\/wp-content\/uploads\/2026\/03\/WhatsApp-Image-2026-03-07-1536x1024.jpeg 1536w, https:\/\/cronicadesoledad.com\/wp-content\/uploads\/2026\/03\/WhatsApp-Image-2026-03-07-2048x1366.jpeg 2048w, https:\/\/cronicadesoledad.com\/wp-content\/uploads\/2026\/03\/WhatsApp-Image-2026-03-07-696x464.jpeg 696w, https:\/\/cronicadesoledad.com\/wp-content\/uploads\/2026\/03\/WhatsApp-Image-2026-03-07-1068x712.jpeg 1068w, https:\/\/cronicadesoledad.com\/wp-content\/uploads\/2026\/03\/WhatsApp-Image-2026-03-07-1920x1280.jpeg 1920w\" sizes=\"auto, (max-width: 1024px) 100vw, 1024px\" \/><\/figure>\n","protected":false},"excerpt":{"rendered":"<p>Paty Aradillas entreg\u00f3 reconocimientos a 7 mujeres del municipio que han sido ejemplo e inspiraci\u00f3n para la comunidad. En el marco de las actividades conmemorativas por el D\u00eda Internacional de la Mujer (8M), el Gobierno Municipal de Villa de Pozos, que encabeza la Presidenta Concejal, Paty Aradillas reconoci\u00f3 a mujeres poce\u00f1as que con su trabajo, [&hellip;]<\/p>\n","protected":false},"author":23,"featured_media":25617,"comment_status":"open","ping_status":"open","sticky":false,"template":"","format":"standard","meta":{"footnotes":""},"categories":[1,3175],"tags":[],"class_list":{"0":"post-25616","1":"post","2":"type-post","3":"status-publish","4":"format-standard","5":"has-post-thumbnail","7":"category-destacadas","8":"category-pozos"},"_links":{"self":[{"href":"https:\/\/cronicadesoledad.com\/index.php\/wp-json\/wp\/v2\/posts\/25616","targetHints":{"allow":["GET"]}}],"collection":[{"href":"https:\/\/cronicadesoledad.com\/index.php\/wp-json\/wp\/v2\/posts"}],"about":[{"href":"https:\/\/cronicadesoledad.com\/index.php\/wp-json\/wp\/v2\/types\/post"}],"author":[{"embeddable":true,"href":"https:\/\/cronicadesoledad.com\/index.php\/wp-json\/wp\/v2\/users\/23"}],"replies":[{"embeddable":true,"href":"https:\/\/cronicadesoledad.com\/index.php\/wp-json\/wp\/v2\/comments?post=25616"}],"version-history":[{"count":1,"href":"https:\/\/cronicadesoledad.com\/index.php\/wp-json\/wp\/v2\/posts\/25616\/revisions"}],"predecessor-version":[{"id":25620,"href":"https:\/\/cronicadesoledad.com\/index.php\/wp-json\/wp\/v2\/posts\/25616\/revisions\/25620"}],"wp:featuredmedia":[{"embeddable":true,"href":"https:\/\/cronicadesoledad.com\/index.php\/wp-json\/wp\/v2\/media\/25617"}],"wp:attachment":[{"href":"https:\/\/cronicadesoledad.com\/index.php\/wp-json\/wp\/v2\/media?parent=25616"}],"wp:term":[{"taxonomy":"category","embeddable":true,"href":"https:\/\/cronicadesoledad.com\/index.php\/wp-json\/wp\/v2\/categories?post=25616"},{"taxonomy":"post_tag","embeddable":true,"href":"https:\/\/cronicadesoledad.com\/index.php\/wp-json\/wp\/v2\/tags?post=25616"}],"curies":[{"name":"wp","href":"https:\/\/api.w.org\/{rel}","templated":true}]}}