{"id":25638,"date":"2026-03-10T15:42:20","date_gmt":"2026-03-10T21:42:20","guid":{"rendered":"https:\/\/cronicadesoledad.com\/?p=25638"},"modified":"2026-03-10T15:42:21","modified_gmt":"2026-03-10T21:42:21","slug":"navarro-traslada-la-identidad-de-soledad-al-senado-de-la-republica","status":"publish","type":"post","link":"https:\/\/cronicadesoledad.com\/index.php\/2026\/03\/10\/navarro-traslada-la-identidad-de-soledad-al-senado-de-la-republica\/","title":{"rendered":"Navarro traslada la identidad de Soledad al Senado de la Rep\u00fablica"},"content":{"rendered":"\n<p>El Alcalde particip\u00f3 en la Semana Cultural dedicada a San Luis Potos\u00ed, donde la gastronom\u00eda soledense fue representada con la elaboraci\u00f3n de 3 mil enchiladas potosinas por una cocinera tradicional del municipio.<\/p>\n\n\n\n<p>Juan Manuel Navarro Mu\u00f1iz, Alcalde de Soledad de Graciano S\u00e1nchez, acudi\u00f3 este martes al Senado de la Rep\u00fablica para representar al municipio en la Semana Cultural dedicada al estado de San Luis Potos\u00ed, un espacio nacional donde se promueve la riqueza artesanal, cultural, gastron\u00f3mica y musical de la entidad; en este encuentro estuvo el Gobernador, Ricardo Gallardo Cardona, como parte de esta proyecci\u00f3n, donde la gastronom\u00eda soledense tuvo una presencia especial con la preparaci\u00f3n de 3 mil enchiladas potosinas, elaboradas de manera tradicional para mostrar al pa\u00eds uno de los sabores m\u00e1s representativos de la entidad.<\/p>\n\n\n\n<figure class=\"wp-block-image size-large\"><img loading=\"lazy\" decoding=\"async\" width=\"1024\" height=\"683\" src=\"https:\/\/cronicadesoledad.com\/wp-content\/uploads\/2026\/03\/650238064_1244980501084468_2120027266775196112_n-1024x683.jpg\" alt=\"\" class=\"wp-image-25640\" srcset=\"https:\/\/cronicadesoledad.com\/wp-content\/uploads\/2026\/03\/650238064_1244980501084468_2120027266775196112_n-1024x683.jpg 1024w, https:\/\/cronicadesoledad.com\/wp-content\/uploads\/2026\/03\/650238064_1244980501084468_2120027266775196112_n-300x200.jpg 300w, https:\/\/cronicadesoledad.com\/wp-content\/uploads\/2026\/03\/650238064_1244980501084468_2120027266775196112_n-768x512.jpg 768w, https:\/\/cronicadesoledad.com\/wp-content\/uploads\/2026\/03\/650238064_1244980501084468_2120027266775196112_n-1536x1024.jpg 1536w, https:\/\/cronicadesoledad.com\/wp-content\/uploads\/2026\/03\/650238064_1244980501084468_2120027266775196112_n-696x464.jpg 696w, https:\/\/cronicadesoledad.com\/wp-content\/uploads\/2026\/03\/650238064_1244980501084468_2120027266775196112_n-1068x712.jpg 1068w, https:\/\/cronicadesoledad.com\/wp-content\/uploads\/2026\/03\/650238064_1244980501084468_2120027266775196112_n.jpg 1600w\" sizes=\"auto, (max-width: 1024px) 100vw, 1024px\" \/><\/figure>\n\n\n\n<p>La degustaci\u00f3n gastron\u00f3mica estuvo a cargo de la cocinera tradicional Ma. Magdalena Hern\u00e1ndez Trujillo, \u201cDo\u00f1a Malena\u201d, originaria del centro hist\u00f3rico de Soledad de Graciano S\u00e1nchez, quien ha preservado la receta original de las enchiladas potosinas aprendida de su madre y transmitida por generaciones; reconocida como una de las mejores cocineras tradicionales de la regi\u00f3n, su trabajo mantiene viva la esencia culinaria que distingue a las familias soledenses.<\/p>\n\n\n\n<p>Durante la jornada cultural, las enchiladas potosinas se consolidaron como uno de los emblemas gastron\u00f3micos de San Luis Potos\u00ed, al ser un platillo que no \u00fanicamente identifica a Soledad de Graciano S\u00e1nchez, sino que tambi\u00e9n forma parte del patrimonio culinario del estado, proyectando ante legisladores, invitados especiales, alcaldes potosinos y p\u00fablico nacional, la riqueza de las tradiciones que nacen en el municipio.<\/p>\n\n\n\n<figure class=\"wp-block-image size-large\"><img loading=\"lazy\" decoding=\"async\" width=\"1024\" height=\"726\" src=\"https:\/\/cronicadesoledad.com\/wp-content\/uploads\/2026\/03\/650345426_1244980531084465_6388271359557502025_n-1024x726.jpg\" alt=\"\" class=\"wp-image-25641\" srcset=\"https:\/\/cronicadesoledad.com\/wp-content\/uploads\/2026\/03\/650345426_1244980531084465_6388271359557502025_n-1024x726.jpg 1024w, https:\/\/cronicadesoledad.com\/wp-content\/uploads\/2026\/03\/650345426_1244980531084465_6388271359557502025_n-300x213.jpg 300w, https:\/\/cronicadesoledad.com\/wp-content\/uploads\/2026\/03\/650345426_1244980531084465_6388271359557502025_n-768x544.jpg 768w, https:\/\/cronicadesoledad.com\/wp-content\/uploads\/2026\/03\/650345426_1244980531084465_6388271359557502025_n-1536x1089.jpg 1536w, https:\/\/cronicadesoledad.com\/wp-content\/uploads\/2026\/03\/650345426_1244980531084465_6388271359557502025_n-696x493.jpg 696w, https:\/\/cronicadesoledad.com\/wp-content\/uploads\/2026\/03\/650345426_1244980531084465_6388271359557502025_n-1068x757.jpg 1068w, https:\/\/cronicadesoledad.com\/wp-content\/uploads\/2026\/03\/650345426_1244980531084465_6388271359557502025_n.jpg 1600w\" sizes=\"auto, (max-width: 1024px) 100vw, 1024px\" \/><\/figure>\n\n\n\n<p>El Alcalde Juan Manuel Navarro Mu\u00f1iz resalt\u00f3 la importancia de aprovechar estos espacios institucionales para proyectar la identidad del municipio: \u201cSoledad de Graciano S\u00e1nchez tiene una enorme riqueza cultural y gastron\u00f3mica que nos llena de orgullo; estar en el Senado de la Rep\u00fablica es una oportunidad para mostrar al pa\u00eds nuestras tradiciones y para seguir posicionando a nuestro municipio como un referente de trabajo, historia y talento de su gente\u201d, expres\u00f3.<\/p>\n\n\n\n<p>Con esta participaci\u00f3n institucional, el Ayuntamiento reafirma su compromiso de impulsar acciones que acerquen la cultura y las tradiciones a las familias soledenses, fortaleciendo el sentido de pertenencia y manteniendo la cercan\u00eda con la poblaci\u00f3n, al tiempo de seguir promoviendo a Soledad de Graciano S\u00e1nchez como un municipio con historia, identidad y riqueza cultural que merece ser reconocido a nivel nacional.<\/p>\n\n\n\n<p><\/p>\n","protected":false},"excerpt":{"rendered":"<p>El Alcalde particip\u00f3 en la Semana Cultural dedicada a San Luis Potos\u00ed, donde la gastronom\u00eda soledense fue representada con la elaboraci\u00f3n de 3 mil enchiladas potosinas por una cocinera tradicional del municipio. Juan Manuel Navarro Mu\u00f1iz, Alcalde de Soledad de Graciano S\u00e1nchez, acudi\u00f3 este martes al Senado de la Rep\u00fablica para representar al municipio en [&hellip;]<\/p>\n","protected":false},"author":23,"featured_media":25639,"comment_status":"open","ping_status":"open","sticky":false,"template":"","format":"standard","meta":{"footnotes":""},"categories":[1,21],"tags":[],"class_list":{"0":"post-25638","1":"post","2":"type-post","3":"status-publish","4":"format-standard","5":"has-post-thumbnail","7":"category-destacadas","8":"category-tu-soledad"},"_links":{"self":[{"href":"https:\/\/cronicadesoledad.com\/index.php\/wp-json\/wp\/v2\/posts\/25638","targetHints":{"allow":["GET"]}}],"collection":[{"href":"https:\/\/cronicadesoledad.com\/index.php\/wp-json\/wp\/v2\/posts"}],"about":[{"href":"https:\/\/cronicadesoledad.com\/index.php\/wp-json\/wp\/v2\/types\/post"}],"author":[{"embeddable":true,"href":"https:\/\/cronicadesoledad.com\/index.php\/wp-json\/wp\/v2\/users\/23"}],"replies":[{"embeddable":true,"href":"https:\/\/cronicadesoledad.com\/index.php\/wp-json\/wp\/v2\/comments?post=25638"}],"version-history":[{"count":1,"href":"https:\/\/cronicadesoledad.com\/index.php\/wp-json\/wp\/v2\/posts\/25638\/revisions"}],"predecessor-version":[{"id":25642,"href":"https:\/\/cronicadesoledad.com\/index.php\/wp-json\/wp\/v2\/posts\/25638\/revisions\/25642"}],"wp:featuredmedia":[{"embeddable":true,"href":"https:\/\/cronicadesoledad.com\/index.php\/wp-json\/wp\/v2\/media\/25639"}],"wp:attachment":[{"href":"https:\/\/cronicadesoledad.com\/index.php\/wp-json\/wp\/v2\/media?parent=25638"}],"wp:term":[{"taxonomy":"category","embeddable":true,"href":"https:\/\/cronicadesoledad.com\/index.php\/wp-json\/wp\/v2\/categories?post=25638"},{"taxonomy":"post_tag","embeddable":true,"href":"https:\/\/cronicadesoledad.com\/index.php\/wp-json\/wp\/v2\/tags?post=25638"}],"curies":[{"name":"wp","href":"https:\/\/api.w.org\/{rel}","templated":true}]}}