{"id":25656,"date":"2026-03-11T13:59:33","date_gmt":"2026-03-11T19:59:33","guid":{"rendered":"https:\/\/cronicadesoledad.com\/?p=25656"},"modified":"2026-03-11T13:59:33","modified_gmt":"2026-03-11T19:59:33","slug":"detienen-a-tres-por-presunta-violencia-familiar","status":"publish","type":"post","link":"https:\/\/cronicadesoledad.com\/index.php\/2026\/03\/11\/detienen-a-tres-por-presunta-violencia-familiar\/","title":{"rendered":"Detienen a tres por presunta violencia familiar"},"content":{"rendered":"\n<p>Derivado de la respuesta inmediata a reportes ciudadanos, agentes de la Guardia Civil de Soledad de Graciano S\u00e1nchez detuvieron a dos hombres y una mujer por presunta violencia familiar, esto en las colonias Rancho Pav\u00f3n y Genovevo Rivas Guill\u00e9n.<\/p>\n\n\n\n<p>Oficiales municipales se presentaron en un domicilio del Andador de la Vereda, en la colonia Rancho Pav\u00f3n, donde una mujer indic\u00f3 que su pareja la agredi\u00f3 de forma f\u00edsica y la amenaz\u00f3, manifestando su deseo de proceder legalmente en su contra, ubicando al reportado en el lugar, y luego de entrevistarlo se identific\u00f3 como Luis \u201cN\u201d de 25 a\u00f1os.<\/p>\n\n\n\n<figure class=\"wp-block-image size-full\"><img loading=\"lazy\" decoding=\"async\" width=\"388\" height=\"537\" src=\"https:\/\/cronicadesoledad.com\/wp-content\/uploads\/2026\/03\/WhatsApp-Image-2026-03-11-at-1.46.40.jpeg\" alt=\"\" class=\"wp-image-25658\" srcset=\"https:\/\/cronicadesoledad.com\/wp-content\/uploads\/2026\/03\/WhatsApp-Image-2026-03-11-at-1.46.40.jpeg 388w, https:\/\/cronicadesoledad.com\/wp-content\/uploads\/2026\/03\/WhatsApp-Image-2026-03-11-at-1.46.40-217x300.jpeg 217w\" sizes=\"auto, (max-width: 388px) 100vw, 388px\" \/><\/figure>\n\n\n\n<p>Por otra parte, en la calle Mariano Azuela, en la colonia Genovevo Rivas Guill\u00e9n, polic\u00edas soledenses tuvieron contacto con quienes dijeron llamarse Jos\u00e9 \u201cN\u201d de 53 a\u00f1os y Ver\u00f3nica \u201cN\u201d de 33, quienes se\u00f1alaron ser pareja, denunci\u00e1ndose entre s\u00ed por agresiones f\u00edsicas, pidiendo ambas partes proceder legalmente uno en contra del otro.<\/p>\n\n\n\n<p>A los tres les dieron a conocer que ser\u00edan detenidos por presunta violencia familiar, y despu\u00e9s fueron presentados ante la Fiscal\u00eda General del Estado de San Luis Potos\u00ed (FGESLP), donde se determinar\u00e1 su situaci\u00f3n legal.<\/p>\n","protected":false},"excerpt":{"rendered":"<p>Derivado de la respuesta inmediata a reportes ciudadanos, agentes de la Guardia Civil de Soledad de Graciano S\u00e1nchez detuvieron a dos hombres y una mujer por presunta violencia familiar, esto en las colonias Rancho Pav\u00f3n y Genovevo Rivas Guill\u00e9n. Oficiales municipales se presentaron en un domicilio del Andador de la Vereda, en la colonia Rancho [&hellip;]<\/p>\n","protected":false},"author":23,"featured_media":25657,"comment_status":"open","ping_status":"open","sticky":false,"template":"","format":"standard","meta":{"footnotes":""},"categories":[19,21],"tags":[],"class_list":{"0":"post-25656","1":"post","2":"type-post","3":"status-publish","4":"format-standard","5":"has-post-thumbnail","7":"category-seguridad","8":"category-tu-soledad"},"_links":{"self":[{"href":"https:\/\/cronicadesoledad.com\/index.php\/wp-json\/wp\/v2\/posts\/25656","targetHints":{"allow":["GET"]}}],"collection":[{"href":"https:\/\/cronicadesoledad.com\/index.php\/wp-json\/wp\/v2\/posts"}],"about":[{"href":"https:\/\/cronicadesoledad.com\/index.php\/wp-json\/wp\/v2\/types\/post"}],"author":[{"embeddable":true,"href":"https:\/\/cronicadesoledad.com\/index.php\/wp-json\/wp\/v2\/users\/23"}],"replies":[{"embeddable":true,"href":"https:\/\/cronicadesoledad.com\/index.php\/wp-json\/wp\/v2\/comments?post=25656"}],"version-history":[{"count":1,"href":"https:\/\/cronicadesoledad.com\/index.php\/wp-json\/wp\/v2\/posts\/25656\/revisions"}],"predecessor-version":[{"id":25659,"href":"https:\/\/cronicadesoledad.com\/index.php\/wp-json\/wp\/v2\/posts\/25656\/revisions\/25659"}],"wp:featuredmedia":[{"embeddable":true,"href":"https:\/\/cronicadesoledad.com\/index.php\/wp-json\/wp\/v2\/media\/25657"}],"wp:attachment":[{"href":"https:\/\/cronicadesoledad.com\/index.php\/wp-json\/wp\/v2\/media?parent=25656"}],"wp:term":[{"taxonomy":"category","embeddable":true,"href":"https:\/\/cronicadesoledad.com\/index.php\/wp-json\/wp\/v2\/categories?post=25656"},{"taxonomy":"post_tag","embeddable":true,"href":"https:\/\/cronicadesoledad.com\/index.php\/wp-json\/wp\/v2\/tags?post=25656"}],"curies":[{"name":"wp","href":"https:\/\/api.w.org\/{rel}","templated":true}]}}