{"id":25698,"date":"2026-03-17T08:18:20","date_gmt":"2026-03-17T14:18:20","guid":{"rendered":"https:\/\/cronicadesoledad.com\/?p=25698"},"modified":"2026-03-17T08:18:21","modified_gmt":"2026-03-17T14:18:21","slug":"rechazan-reforma-electoral-de-sheinbaum","status":"publish","type":"post","link":"https:\/\/cronicadesoledad.com\/index.php\/2026\/03\/17\/rechazan-reforma-electoral-de-sheinbaum\/","title":{"rendered":"Rechazan reforma electoral de Sheinbaum"},"content":{"rendered":"\n<p><\/p>\n\n\n\n<p>La tarde del 11 de marzo de 2026, la C\u00e1mara de Diputados rechaz\u00f3 en lo general la reforma electoral enviada por la presidenta Claudia Sheinbaum, con 259 a favor, 234 en contra y 1 abstenci\u00f3n.<\/p>\n\n\n\n<p>Debido a que el dictamen propon\u00eda modificaciones constitucionales eran necesarios 334 votos a favor de los 500 legisladores que conforman la C\u00e1mara Baja, por tanto, la propuesta no alcanz\u00f3 la mayor\u00eda calificada.<\/p>\n\n\n\n<figure class=\"wp-block-image size-large\"><img loading=\"lazy\" decoding=\"async\" width=\"1024\" height=\"682\" src=\"https:\/\/cronicadesoledad.com\/wp-content\/uploads\/2026\/03\/11-1024x682.jpeg\" alt=\"\" class=\"wp-image-25700\" srcset=\"https:\/\/cronicadesoledad.com\/wp-content\/uploads\/2026\/03\/11-1024x682.jpeg 1024w, https:\/\/cronicadesoledad.com\/wp-content\/uploads\/2026\/03\/11-300x200.jpeg 300w, https:\/\/cronicadesoledad.com\/wp-content\/uploads\/2026\/03\/11-768x512.jpeg 768w, https:\/\/cronicadesoledad.com\/wp-content\/uploads\/2026\/03\/11-1536x1023.jpeg 1536w, https:\/\/cronicadesoledad.com\/wp-content\/uploads\/2026\/03\/11-696x464.jpeg 696w, https:\/\/cronicadesoledad.com\/wp-content\/uploads\/2026\/03\/11-1068x712.jpeg 1068w, https:\/\/cronicadesoledad.com\/wp-content\/uploads\/2026\/03\/11.jpeg 1600w\" sizes=\"auto, (max-width: 1024px) 100vw, 1024px\" \/><\/figure>\n\n\n\n<p>La oposici\u00f3n pudo celebrar la primera derrota de Sheinbaum en el Congreso de la Uni\u00f3n; la presidenta de la Mesa Directiva en San L\u00e1zaro, Kenia L\u00f3pez Rabad\u00e1n, dio a conocer que \u201ccon fundamento en lo que dispone la fracci\u00f3n G del art\u00edculo 72 constitucional y en t\u00e9rminos del art\u00edculo 232 numeral 1 del reglamento de la C\u00e1mara de Diputados se desecha el proyecto de decreto enviado por la presidenta de la Rep\u00fablica\u201d.<\/p>\n\n\n\n<p>Asimismo, el texto de las reservas que fueron presentadas se integraron al diario de los debates. Al finalizar la discusi\u00f3n y ante la derrota anunciada, Morena comenz\u00f3 a corear: \u201c\u00a1Es un honor estar con Claudia hoy!\u201d.<\/p>\n\n\n\n<p>La primera en hablar ante el Pleno fue Ivonne Ortega de Movimiento Ciudadano (MC), quien acus\u00f3 falta de di\u00e1logo y debate para la elaboraci\u00f3n de la reforma electoral, insisti\u00f3 en el proyecto que presentaron hace unos d\u00edas, el cual desde su perspectiva agrega puntos clave como la disminuci\u00f3n de gasto y mayor democracia.<\/p>\n\n\n\n<p>Por su parte, Rub\u00e9n Moreira del PRI se subi\u00f3 al Pleno apoyado por los legisladores de su bancada, entre pancartas con mensajes de \u201cNo a la Dictadura\u201d o \u201cNo a la Ley Maduro\u201d, se\u00f1al\u00f3 que la propuesta solo promueve la visi\u00f3n de una minor\u00eda.<\/p>\n\n\n\n<p>Aseguro que el voto que \u201cel pueblo de M\u00e9xico le dio a Morena\u201d no le da derecho a \u201cdestruir el orden constitucional\u201d. Enlisto varias razones para votar en contra, donde les record\u00f3 que hasta el PT y el PVEM est\u00e1n en contra.<\/p>\n\n\n\n<p>Moreira asegur\u00f3 que el tema del crimen organizado es el que menos se prioriza en la propuesta de la presidenta, advirti\u00f3 que los casos de violencia pol\u00edtica van a la alza.<\/p>\n\n\n\n<p>El\u00edas Lixa habl\u00f3 por el PAN, quien centr\u00f3 su intervenci\u00f3n en se\u00f1alar que la iniciativa del Ejecutivo no enfrenta la participaci\u00f3n del crimen organizado en los procesos electorales, sostuvo que ese es el motivo por el cual Morena rechaza integrar las propuestas del Partido Acci\u00f3n Nacional.<\/p>\n\n\n\n<p>Esta es la primera vez que la alianza PT, PVEM y Morena, rompe el acuerdo de ir juntos en votaci\u00f3n a favor sobre una reforma enviada por el Ejecutivo Federal, aunque las intervenciones de los coordinadores iniciaron elogiando a la presidenta, la realidad es que la mayor\u00eda vot\u00f3 en contra, ya que las conversaciones con Claudia Sheinbaum y la secretaria de Gobierno, Rosa Icela Rodr\u00edguez, no fueron suficientes.<\/p>\n\n\n\n<p>Reginaldo Sandoval remarc\u00f3 que el Partido del Trabajo respalda la Cuarta Transformaci\u00f3n, aunque se opone a la conformaci\u00f3n de un partido dominante y \u00fanico: \u201cSostenemos que esta ruta que se plantea ahora, no es la ruta que nos lleva a tener m\u00e1s democracia\u201d.<\/p>\n\n\n\n<p>Carlos Puente del Verde advirti\u00f3 que, si se implementa el sistema de asignaci\u00f3n de diputados de representaci\u00f3n proporcional basado en una lista de \u201clos m\u00e1s votados\u201d, las entidades con mayor n\u00famero de electores acaparar\u00edan las 100 diputaciones plurinominales.<\/p>\n\n\n\n<p>Desde la bancada del Partido Verde Ecologista de M\u00e9xico, propuso que, si el prop\u00f3sito es reducir los gastos electorales, el recorte no se limite al 25%, sino que alcance el 50%, siempre que la distribuci\u00f3n de recursos sea equitativa.<\/p>\n","protected":false},"excerpt":{"rendered":"<p>La tarde del 11 de marzo de 2026, la C\u00e1mara de Diputados rechaz\u00f3 en lo general la reforma electoral enviada por la presidenta Claudia Sheinbaum, con 259 a favor, 234 en contra y 1 abstenci\u00f3n. Debido a que el dictamen propon\u00eda modificaciones constitucionales eran necesarios 334 votos a favor de los 500 legisladores que conforman [&hellip;]<\/p>\n","protected":false},"author":23,"featured_media":25699,"comment_status":"open","ping_status":"open","sticky":false,"template":"","format":"standard","meta":{"footnotes":""},"categories":[1,24],"tags":[],"class_list":{"0":"post-25698","1":"post","2":"type-post","3":"status-publish","4":"format-standard","5":"has-post-thumbnail","7":"category-destacadas","8":"category-informacion-general"},"_links":{"self":[{"href":"https:\/\/cronicadesoledad.com\/index.php\/wp-json\/wp\/v2\/posts\/25698","targetHints":{"allow":["GET"]}}],"collection":[{"href":"https:\/\/cronicadesoledad.com\/index.php\/wp-json\/wp\/v2\/posts"}],"about":[{"href":"https:\/\/cronicadesoledad.com\/index.php\/wp-json\/wp\/v2\/types\/post"}],"author":[{"embeddable":true,"href":"https:\/\/cronicadesoledad.com\/index.php\/wp-json\/wp\/v2\/users\/23"}],"replies":[{"embeddable":true,"href":"https:\/\/cronicadesoledad.com\/index.php\/wp-json\/wp\/v2\/comments?post=25698"}],"version-history":[{"count":1,"href":"https:\/\/cronicadesoledad.com\/index.php\/wp-json\/wp\/v2\/posts\/25698\/revisions"}],"predecessor-version":[{"id":25701,"href":"https:\/\/cronicadesoledad.com\/index.php\/wp-json\/wp\/v2\/posts\/25698\/revisions\/25701"}],"wp:featuredmedia":[{"embeddable":true,"href":"https:\/\/cronicadesoledad.com\/index.php\/wp-json\/wp\/v2\/media\/25699"}],"wp:attachment":[{"href":"https:\/\/cronicadesoledad.com\/index.php\/wp-json\/wp\/v2\/media?parent=25698"}],"wp:term":[{"taxonomy":"category","embeddable":true,"href":"https:\/\/cronicadesoledad.com\/index.php\/wp-json\/wp\/v2\/categories?post=25698"},{"taxonomy":"post_tag","embeddable":true,"href":"https:\/\/cronicadesoledad.com\/index.php\/wp-json\/wp\/v2\/tags?post=25698"}],"curies":[{"name":"wp","href":"https:\/\/api.w.org\/{rel}","templated":true}]}}