{"id":26526,"date":"2026-04-27T14:27:12","date_gmt":"2026-04-27T20:27:12","guid":{"rendered":"https:\/\/cronicadesoledad.com\/?p=26526"},"modified":"2026-04-27T14:27:12","modified_gmt":"2026-04-27T20:27:12","slug":"unam-y-soledad-brindan-salud-dental-gratuita","status":"publish","type":"post","link":"https:\/\/cronicadesoledad.com\/index.php\/2026\/04\/27\/unam-y-soledad-brindan-salud-dental-gratuita\/","title":{"rendered":"UNAM y Soledad brindan salud dental gratuita"},"content":{"rendered":"\n<p>La suma de esfuerzos entre la academia, el sector p\u00fablico y la iniciativa privada logr\u00f3 transformar el panorama de salud bucal para cientos de familias en este municipio. Tras cinco d\u00edas de intensas brigadas odontol\u00f3gicas realizadas en el Auditorio Municipal, la Facultad de Estomatolog\u00eda de la Universidad Nacional Aut\u00f3noma de M\u00e9xico (UNAM), en conjunto con el Ayuntamiento soledense y Grupo FEMSA, reportaron la conclusi\u00f3n de una jornada que super\u00f3 las expectativas de asistencia y atenci\u00f3n cl\u00ednica.<\/p>\n\n\n\n<p>Desde el 20 y hasta el 24 de abril, un equipo compuesto por 28 especialistas y estudiantes avanzados de la UNAM se instal\u00f3 en la cabecera municipal para ofrecer servicios que, en el mercado privado, suelen representar un gasto inalcanzable para los sectores con mayores carencias econ\u00f3micas. La log\u00edstica permiti\u00f3 que m\u00e1s de 700 ciudadanos de diversas colonias y comunidades rurales accedieran a diagn\u00f3sticos, limpiezas profundas, extracciones, radiograf\u00edas y aplicaciones de fl\u00faor.<\/p>\n\n\n\n<p>Al cierre de la jornada, las cifras oficiales arrojaron un total de cuatro mil tratamientos otorgados, consolidando este programa como uno de los de mayor impacto social en lo que va del a\u00f1o. H\u00e9ctor Xavier Andrade Ovalle, titular de Desarrollo Econ\u00f3mico y representante del alcalde Juan Manuel Navarro Mu\u00f1iz, encabez\u00f3 el acto de clausura donde se reconoci\u00f3 la vocaci\u00f3n de servicio de los odont\u00f3logos participantes.<\/p>\n\n\n\n<p>El coordinador del programa por parte de la UNAM, Juan Carlos Rodr\u00edguez Avil\u00e9s, explic\u00f3 que estas intervenciones son un term\u00f3metro de la salud p\u00fablica en el pa\u00eds. Seg\u00fan el especialista, la caries y las afecciones en las enc\u00edas (enfermedades periodontales) siguen siendo los problemas m\u00e1s recurrentes en la poblaci\u00f3n mexicana.<\/p>\n\n\n\n<p>Rodr\u00edguez Avil\u00e9s se\u00f1al\u00f3 que el abandono de la salud oral no siempre es una cuesti\u00f3n de negligencia personal, sino una consecuencia directa de presupuestos familiares limitados y una desinformaci\u00f3n generalizada. En este escenario, las jornadas funcionan no solo como un alivio cl\u00ednico, sino como un espacio de educaci\u00f3n: se hizo un llamado urgente a padres de familia y docentes para vigilar el consumo de harinas refinadas y az\u00facares en los menores, promoviendo h\u00e1bitos de limpieza desde la infancia para evitar complicaciones severas en la edad adulta.<\/p>\n\n\n\n<p>La operatividad de esta brigada dependi\u00f3 de una estructura de colaboraci\u00f3n que involucr\u00f3 al Sistema Municipal DIF y a la iniciativa privada. Para el gobierno de Soledad, esta apertura hacia aliados como Grupo FEMSA y la m\u00e1xima casa de estudios del pa\u00eds busca proyectar una administraci\u00f3n que escucha las necesidades prioritarias, facilitando los recursos t\u00e9cnicos y espaciales para que los apoyos lleguen a quienes m\u00e1s lo requieren.<\/p>\n\n\n\n<p>Adem\u00e1s del beneficio directo a los pacientes, el proyecto cumple con una funci\u00f3n acad\u00e9mica crucial. Los estudiantes de la UNAM involucrados tuvieron la oportunidad de enfrentarse a la realidad social de las comunidades de San Luis Potos\u00ed, fortaleciendo su formaci\u00f3n humanista y t\u00e9cnica fuera de las aulas tradicionales.<\/p>\n\n\n\n<p>Dada la respuesta positiva y la eficiencia en la atenci\u00f3n, la Facultad de Estomatolog\u00eda de la UNAM expres\u00f3 su deseo de que este esquema de trabajo sea retomado por otros municipios potosinos. La disposici\u00f3n mostrada por el Ayuntamiento de Soledad fue calificada como un &#8220;modelo de voluntad pol\u00edtica&#8221;, donde la infraestructura municipal se puso al servicio de la salud preventiva.<\/p>\n\n\n\n<p>Con esta acci\u00f3n, Soledad de Graciano S\u00e1nchez reafirma su postura de mantener programas de proximidad social que generen un bienestar tangible, demostrando que la cooperaci\u00f3n entre diferentes instituciones es el camino m\u00e1s corto para elevar la calidad de vida de ni\u00f1as, ni\u00f1os, j\u00f3venes y adultos mayores en situaci\u00f3n de vulnerabilidad.<\/p>\n","protected":false},"excerpt":{"rendered":"<p>La suma de esfuerzos entre la academia, el sector p\u00fablico y la iniciativa privada logr\u00f3 transformar el panorama de salud bucal para cientos de familias en este municipio. Tras cinco d\u00edas de intensas brigadas odontol\u00f3gicas realizadas en el Auditorio Municipal, la Facultad de Estomatolog\u00eda de la Universidad Nacional Aut\u00f3noma de M\u00e9xico (UNAM), en conjunto con [&hellip;]<\/p>\n","protected":false},"author":24,"featured_media":26527,"comment_status":"open","ping_status":"open","sticky":false,"template":"","format":"standard","meta":{"footnotes":""},"categories":[21],"tags":[],"class_list":{"0":"post-26526","1":"post","2":"type-post","3":"status-publish","4":"format-standard","5":"has-post-thumbnail","7":"category-tu-soledad"},"_links":{"self":[{"href":"https:\/\/cronicadesoledad.com\/index.php\/wp-json\/wp\/v2\/posts\/26526","targetHints":{"allow":["GET"]}}],"collection":[{"href":"https:\/\/cronicadesoledad.com\/index.php\/wp-json\/wp\/v2\/posts"}],"about":[{"href":"https:\/\/cronicadesoledad.com\/index.php\/wp-json\/wp\/v2\/types\/post"}],"author":[{"embeddable":true,"href":"https:\/\/cronicadesoledad.com\/index.php\/wp-json\/wp\/v2\/users\/24"}],"replies":[{"embeddable":true,"href":"https:\/\/cronicadesoledad.com\/index.php\/wp-json\/wp\/v2\/comments?post=26526"}],"version-history":[{"count":1,"href":"https:\/\/cronicadesoledad.com\/index.php\/wp-json\/wp\/v2\/posts\/26526\/revisions"}],"predecessor-version":[{"id":26528,"href":"https:\/\/cronicadesoledad.com\/index.php\/wp-json\/wp\/v2\/posts\/26526\/revisions\/26528"}],"wp:featuredmedia":[{"embeddable":true,"href":"https:\/\/cronicadesoledad.com\/index.php\/wp-json\/wp\/v2\/media\/26527"}],"wp:attachment":[{"href":"https:\/\/cronicadesoledad.com\/index.php\/wp-json\/wp\/v2\/media?parent=26526"}],"wp:term":[{"taxonomy":"category","embeddable":true,"href":"https:\/\/cronicadesoledad.com\/index.php\/wp-json\/wp\/v2\/categories?post=26526"},{"taxonomy":"post_tag","embeddable":true,"href":"https:\/\/cronicadesoledad.com\/index.php\/wp-json\/wp\/v2\/tags?post=26526"}],"curies":[{"name":"wp","href":"https:\/\/api.w.org\/{rel}","templated":true}]}}