{"id":26538,"date":"2026-04-28T11:17:26","date_gmt":"2026-04-28T17:17:26","guid":{"rendered":"https:\/\/cronicadesoledad.com\/?p=26538"},"modified":"2026-04-28T11:17:26","modified_gmt":"2026-04-28T17:17:26","slug":"valles-fomenta-la-lectura","status":"publish","type":"post","link":"https:\/\/cronicadesoledad.com\/index.php\/2026\/04\/28\/valles-fomenta-la-lectura\/","title":{"rendered":"Valles fomenta la lectura"},"content":{"rendered":"\n<p>La Secretar\u00eda de Cultura de Gobierno del Estado, a trav\u00e9s del Centro Cultural de la Huasteca Potosina y el Museo Tamuantz\u00e1n llev\u00f3 a cabo actividades de fomento a la lectura en escuelas primarias de Ciudad Valles, como parte de la conmemoraci\u00f3n del D\u00eda Internacional del Libro y del Derecho de Autor, celebrado cada 23 de abril.<\/p>\n\n\n\n<p>La jornada se realiz\u00f3 el jueves 23 de abril por la ma\u00f1ana en las escuelas primarias \u201cIgnacio Zaragoza\u201d, de la Subida, y \u201cCuauht\u00e9moc\u201d, del barrio de Guadalupe, con la participaci\u00f3n de personal del recinto cultural. Durante la visita se promovi\u00f3 la lectura de manera directa en las aulas, con el prop\u00f3sito de acercar a ni\u00f1as y ni\u00f1os a la riqueza de la literatura mediante actividades l\u00fadicas. A trav\u00e9s de juegos literarios, se busc\u00f3 estimular la creatividad, la imaginaci\u00f3n y el gusto por la lectura desde edades tempranas, en un ambiente participativo y formativo.<\/p>\n\n\n\n<p>Asimismo, se destac\u00f3 la importancia de respetar el derecho de autor como parte fundamental del desarrollo cultural y educativo.<\/p>\n\n\n\n<p>Estas acciones forman parte de la estrategia de la Secretar\u00eda de Cultura de Gobierno del Estado para descentralizar los servicios culturales y fortalecer el acceso a la cultura en la regi\u00f3n Huasteca, llevando actividades fuera de los recintos para impactar directamente en la comunidad estudiantil.<\/p>\n\n\n\n<figure class=\"wp-block-gallery has-nested-images columns-default is-cropped wp-block-gallery-1 is-layout-flex wp-block-gallery-is-layout-flex\">\n<figure class=\"wp-block-image size-large\"><img decoding=\"async\" data-id=\"175509\" src=\"https:\/\/regioncentroslp.com\/wp-content\/uploads\/2026\/04\/WhatsApp-Image-2026-04-27-at-12.50.01-PM-1024x768.jpeg\" alt=\"\" class=\"wp-image-175509\"\/><\/figure>\n\n\n\n<figure class=\"wp-block-image size-large\"><img decoding=\"async\" data-id=\"175510\" src=\"https:\/\/regioncentroslp.com\/wp-content\/uploads\/2026\/04\/WhatsApp-Image-2026-04-27-at-12.50.01-PM-1-1024x768.jpeg\" alt=\"\" class=\"wp-image-175510\"\/><\/figure>\n<\/figure>\n\n\n\n<p><\/p>\n","protected":false},"excerpt":{"rendered":"<p>La Secretar\u00eda de Cultura de Gobierno del Estado, a trav\u00e9s del Centro Cultural de la Huasteca Potosina y el Museo Tamuantz\u00e1n llev\u00f3 a cabo actividades de fomento a la lectura en escuelas primarias de Ciudad Valles, como parte de la conmemoraci\u00f3n del D\u00eda Internacional del Libro y del Derecho de Autor, celebrado cada 23 de [&hellip;]<\/p>\n","protected":false},"author":24,"featured_media":26539,"comment_status":"open","ping_status":"open","sticky":false,"template":"","format":"standard","meta":{"footnotes":""},"categories":[3240],"tags":[],"class_list":{"0":"post-26538","1":"post","2":"type-post","3":"status-publish","4":"format-standard","5":"has-post-thumbnail","7":"category-educacion"},"_links":{"self":[{"href":"https:\/\/cronicadesoledad.com\/index.php\/wp-json\/wp\/v2\/posts\/26538","targetHints":{"allow":["GET"]}}],"collection":[{"href":"https:\/\/cronicadesoledad.com\/index.php\/wp-json\/wp\/v2\/posts"}],"about":[{"href":"https:\/\/cronicadesoledad.com\/index.php\/wp-json\/wp\/v2\/types\/post"}],"author":[{"embeddable":true,"href":"https:\/\/cronicadesoledad.com\/index.php\/wp-json\/wp\/v2\/users\/24"}],"replies":[{"embeddable":true,"href":"https:\/\/cronicadesoledad.com\/index.php\/wp-json\/wp\/v2\/comments?post=26538"}],"version-history":[{"count":1,"href":"https:\/\/cronicadesoledad.com\/index.php\/wp-json\/wp\/v2\/posts\/26538\/revisions"}],"predecessor-version":[{"id":26540,"href":"https:\/\/cronicadesoledad.com\/index.php\/wp-json\/wp\/v2\/posts\/26538\/revisions\/26540"}],"wp:featuredmedia":[{"embeddable":true,"href":"https:\/\/cronicadesoledad.com\/index.php\/wp-json\/wp\/v2\/media\/26539"}],"wp:attachment":[{"href":"https:\/\/cronicadesoledad.com\/index.php\/wp-json\/wp\/v2\/media?parent=26538"}],"wp:term":[{"taxonomy":"category","embeddable":true,"href":"https:\/\/cronicadesoledad.com\/index.php\/wp-json\/wp\/v2\/categories?post=26538"},{"taxonomy":"post_tag","embeddable":true,"href":"https:\/\/cronicadesoledad.com\/index.php\/wp-json\/wp\/v2\/tags?post=26538"}],"curies":[{"name":"wp","href":"https:\/\/api.w.org\/{rel}","templated":true}]}}