{"id":26548,"date":"2026-04-28T12:22:59","date_gmt":"2026-04-28T18:22:59","guid":{"rendered":"https:\/\/cronicadesoledad.com\/?p=26548"},"modified":"2026-04-28T12:22:59","modified_gmt":"2026-04-28T18:22:59","slug":"cae-el-guero-conta-tras-la-captura-de-el-jardinero","status":"publish","type":"post","link":"https:\/\/cronicadesoledad.com\/index.php\/2026\/04\/28\/cae-el-guero-conta-tras-la-captura-de-el-jardinero\/","title":{"rendered":"Cae &#8220;El G\u00fcero Conta&#8221; tras la captura de &#8220;El Jardinero&#8221;"},"content":{"rendered":"\n<p>Mexicano y la Guardia Nacional lograron la aprehensi\u00f3n de <strong>C\u00e9sar Alejandro N<\/strong>, conocido en el mundo criminal como <strong>&#8220;El G\u00fcero Conta&#8221;<\/strong>. La detenci\u00f3n se registr\u00f3 este lunes en Zapopan, Jalisco, consolidando un fin de semana de alta operatividad federal contra la c\u00fapula de esta organizaci\u00f3n.<\/p>\n\n\n\n<p>La relevancia de este arresto radica en el rol de &#8220;El G\u00fcero Conta&#8221; como el principal gestor de activos de <strong>Audias Flores Silva<\/strong>, alias <strong>&#8220;El Jardinero&#8221;<\/strong>, quien fuera capturado apenas unas horas antes en el estado de Nayarit.<\/p>\n\n\n\n<p>De acuerdo con los reportes emitidos por el secretario de Seguridad y Protecci\u00f3n Ciudadana, <strong>Omar Garc\u00eda Harfuch<\/strong>, las actividades de C\u00e9sar Alejandro N trascend\u00edan la mera contabilidad. El detenido es se\u00f1alado como el responsable de blanquear capitales obtenidos mediante cr\u00edmenes de alto impacto, utilizando una sofisticada red de prestanombres y empresas fachada.<\/p>\n\n\n\n<p>Bajo este esquema, la organizaci\u00f3n no solo diversificaba sus ingresos, sino que los inyectaba en sectores de alto perfil:<\/p>\n\n\n\n<ul class=\"wp-block-list\">\n<li><strong>Sector Tequilero:<\/strong> Inversiones en productoras de la emblem\u00e1tica bebida nacional.<\/li>\n\n\n\n<li><strong>Bienes Ra\u00edces:<\/strong> Adquisici\u00f3n de residencias de lujo, ranchos de gran extensi\u00f3n y terrenos estrat\u00e9gicos.<\/li>\n\n\n\n<li><strong>Log\u00edstica y Movilidad:<\/strong> Compra de aeronaves y embarcaciones destinadas, presuntamente, al servicio del c\u00e1rtel.<\/li>\n<\/ul>\n\n\n\n<p>Garc\u00eda Harfuch calific\u00f3 este golpe como un avance cr\u00edtico para fracturar la log\u00edstica econ\u00f3mica del grupo criminal, subrayando que el Gabinete de Seguridad mantiene una ofensiva permanente para neutralizar a los generadores de violencia.<\/p>\n\n\n\n<p>La detenci\u00f3n de &#8220;El G\u00fcero Conta&#8221; es la onda expansiva directa de la captura de su jefe, <strong>Audias Flores Silva<\/strong>. &#8220;El Jardinero&#8221;, de 45 a\u00f1os, hab\u00eda cobrado una relevancia inusitada tras el reciente fallecimiento de <strong>Nemesio Oseguera Cervantes, &#8220;El Mencho&#8221;<\/strong>, situ\u00e1ndose como uno de los candidatos naturales para heredar el control absoluto de la estructura delictiva.<\/p>\n\n\n\n<p>El curr\u00edculum criminal de Flores Silva, documentado tanto por la <strong>DEA<\/strong> como por la <strong>Marina Armada de M\u00e9xico (Semar)<\/strong>, lo posiciona como una figura de inter\u00e9s internacional:<\/p>\n\n\n\n<ol start=\"1\" class=\"wp-block-list\">\n<li><strong>Seguridad y Confianza:<\/strong> Se desempe\u00f1\u00f3 como jefe de escoltas del propio Oseguera Cervantes.<\/li>\n\n\n\n<li><strong>Dominio Territorial:<\/strong> Controlaba vastas zonas del Pac\u00edfico mexicano, con especial \u00e9nfasis en el estado de Nayarit.<\/li>\n\n\n\n<li><strong>Log\u00edstica Transnacional:<\/strong> Operaba laboratorios de metanfetaminas, pistas de aterrizaje clandestinas y una flota diversa que inclu\u00eda desde avionetas hasta veh\u00edculos de transporte p\u00fablico para movilizar coca\u00edna y hero\u00edna desde Centroam\u00e9rica.<\/li>\n\n\n\n<li><strong>Distribuci\u00f3n en EE. UU.:<\/strong> Sus redes de suministro alcanzaban ciudades clave en estados como California, Texas, Illinois, Georgia, Washington y Virginia.<\/li>\n<\/ol>\n\n\n\n<p>Actualmente, &#8220;El Jardinero&#8221; enfrenta un proceso de extradici\u00f3n solicitado por Estados Unidos por asociaci\u00f3n delictuosa y tr\u00e1fico de drogas, adem\u00e1s de contar con \u00f3rdenes de aprehensi\u00f3n vigentes en M\u00e9xico por homicidio y portaci\u00f3n de armas de fuego. Por su captura, el gobierno estadounidense ofrec\u00eda una recompensa de <strong>cinco millones de d\u00f3lares<\/strong>.<\/p>\n\n\n\n<p>La detenci\u00f3n de Flores Silva no pas\u00f3 desapercibida para sus estructuras de apoyo. Tras su arresto en Nayarit, diversas zonas del estado se convirtieron en escenario de represalias violentas. Se reportaron bloqueos con veh\u00edculos incendiados y ataques directos a establecimientos comerciales, lo que oblig\u00f3 a las autoridades locales a emitir alertas para que la poblaci\u00f3n se resguardara en sus domicilios.<\/p>\n\n\n\n<p>A pesar de los intentos del grupo delictivo por desestabilizar el orden p\u00fablico tras la operaci\u00f3n ejecutada por la Semar, las fuerzas federales han mantenido el despliegue para asegurar el control de la regi\u00f3n y garantizar que ambos detenidos sean puestos a disposici\u00f3n de la justicia de manera inmediata.<\/p>\n","protected":false},"excerpt":{"rendered":"<p>Mexicano y la Guardia Nacional lograron la aprehensi\u00f3n de C\u00e9sar Alejandro N, conocido en el mundo criminal como &#8220;El G\u00fcero Conta&#8221;. La detenci\u00f3n se registr\u00f3 este lunes en Zapopan, Jalisco, consolidando un fin de semana de alta operatividad federal contra la c\u00fapula de esta organizaci\u00f3n. La relevancia de este arresto radica en el rol de [&hellip;]<\/p>\n","protected":false},"author":24,"featured_media":26549,"comment_status":"open","ping_status":"open","sticky":false,"template":"","format":"standard","meta":{"footnotes":""},"categories":[1],"tags":[],"class_list":{"0":"post-26548","1":"post","2":"type-post","3":"status-publish","4":"format-standard","5":"has-post-thumbnail","7":"category-destacadas"},"_links":{"self":[{"href":"https:\/\/cronicadesoledad.com\/index.php\/wp-json\/wp\/v2\/posts\/26548","targetHints":{"allow":["GET"]}}],"collection":[{"href":"https:\/\/cronicadesoledad.com\/index.php\/wp-json\/wp\/v2\/posts"}],"about":[{"href":"https:\/\/cronicadesoledad.com\/index.php\/wp-json\/wp\/v2\/types\/post"}],"author":[{"embeddable":true,"href":"https:\/\/cronicadesoledad.com\/index.php\/wp-json\/wp\/v2\/users\/24"}],"replies":[{"embeddable":true,"href":"https:\/\/cronicadesoledad.com\/index.php\/wp-json\/wp\/v2\/comments?post=26548"}],"version-history":[{"count":1,"href":"https:\/\/cronicadesoledad.com\/index.php\/wp-json\/wp\/v2\/posts\/26548\/revisions"}],"predecessor-version":[{"id":26550,"href":"https:\/\/cronicadesoledad.com\/index.php\/wp-json\/wp\/v2\/posts\/26548\/revisions\/26550"}],"wp:featuredmedia":[{"embeddable":true,"href":"https:\/\/cronicadesoledad.com\/index.php\/wp-json\/wp\/v2\/media\/26549"}],"wp:attachment":[{"href":"https:\/\/cronicadesoledad.com\/index.php\/wp-json\/wp\/v2\/media?parent=26548"}],"wp:term":[{"taxonomy":"category","embeddable":true,"href":"https:\/\/cronicadesoledad.com\/index.php\/wp-json\/wp\/v2\/categories?post=26548"},{"taxonomy":"post_tag","embeddable":true,"href":"https:\/\/cronicadesoledad.com\/index.php\/wp-json\/wp\/v2\/tags?post=26548"}],"curies":[{"name":"wp","href":"https:\/\/api.w.org\/{rel}","templated":true}]}}