{"id":26551,"date":"2026-04-28T13:53:11","date_gmt":"2026-04-28T19:53:11","guid":{"rendered":"https:\/\/cronicadesoledad.com\/?p=26551"},"modified":"2026-04-28T13:53:12","modified_gmt":"2026-04-28T19:53:12","slug":"uso-responsable-de-redes-en-soledad","status":"publish","type":"post","link":"https:\/\/cronicadesoledad.com\/index.php\/2026\/04\/28\/uso-responsable-de-redes-en-soledad\/","title":{"rendered":"Uso responsable de redes en Soledad"},"content":{"rendered":"\n<p>El Ayuntamiento de Soledad de Graciano S\u00e1nchez, a trav\u00e9s de la Direcci\u00f3n de Educaci\u00f3n y Acci\u00f3n C\u00edvica Municipal, fortaleci\u00f3 el acercamiento con instituciones educativas para prevenir riesgos derivado del mal uso de internet entre estudiantes, con acciones de concientizaci\u00f3n y coordinaci\u00f3n interinstitucional; como parte de esta estrategia, se atendi\u00f3 de manera oportuna una situaci\u00f3n derivada de contenidos virales en el Centro de Bachillerato Tecnol\u00f3gico Industrial y de Servicios (CBTIS) 121, la cual fue contenida sin mayores afectaciones, privilegiando en todo momento la seguridad de la comunidad escolar, como lo ha instruido el Alcalde Juan Manuel Navarro Mu\u00f1iz.<\/p>\n\n\n\n<p>La directora del \u00e1rea, Velia Castro Granja, inform\u00f3 que ya se trabaja en conjunto con la Guardia Civil Municipal y Estatal para llevar pl\u00e1ticas preventivas sobre el uso responsable de redes sociales, identificaci\u00f3n de contenidos falsos y consecuencias legales de difundir mensajes que generen alarma; detall\u00f3 que el caso registrado correspondi\u00f3 a un reto viral internacional, el cual fue atendido de forma inmediata por autoridades escolares y de seguridad municipal, sin que se presentaran riesgos mayores.<\/p>\n\n\n\n<p>\u201cEstamos enfocando nuestros esfuerzos en la prevenci\u00f3n, que es lo que nos corresponde como Educaci\u00f3n Municipal; buscamos que las y los alumnos tengan claridad sobre lo que es real y lo que no en internet, y que comprendan que todo acto tiene consecuencias, tambi\u00e9n es fundamental que madres y padres de familia se involucren, revisen contenidos y acompa\u00f1en a sus hijos en el uso de dispositivos, porque la seguridad es una tarea compartida\u201d, se\u00f1al\u00f3.<\/p>\n\n\n\n<p>De manera paralela, el Gobierno Municipal impulsa la participaci\u00f3n de las familias mediante recomendaciones para supervisar pertenencias y actividad digital, as\u00ed como la promoci\u00f3n de autorizaciones informadas que permitan a las instituciones reforzar protocolos de revisi\u00f3n, siempre con respeto a los derechos humanos. Con estas acciones cercanas a la comunidad estudiantil, el Ayuntamiento reafirma su compromiso de escuchar y atender a la poblaci\u00f3n, priorizando entornos escolares seguros y el bienestar de ni\u00f1as, ni\u00f1os y j\u00f3venes.<\/p>\n","protected":false},"excerpt":{"rendered":"<p>El Ayuntamiento de Soledad de Graciano S\u00e1nchez, a trav\u00e9s de la Direcci\u00f3n de Educaci\u00f3n y Acci\u00f3n C\u00edvica Municipal, fortaleci\u00f3 el acercamiento con instituciones educativas para prevenir riesgos derivado del mal uso de internet entre estudiantes, con acciones de concientizaci\u00f3n y coordinaci\u00f3n interinstitucional; como parte de esta estrategia, se atendi\u00f3 de manera oportuna una situaci\u00f3n derivada [&hellip;]<\/p>\n","protected":false},"author":24,"featured_media":26552,"comment_status":"open","ping_status":"open","sticky":false,"template":"","format":"standard","meta":{"footnotes":""},"categories":[21],"tags":[],"class_list":{"0":"post-26551","1":"post","2":"type-post","3":"status-publish","4":"format-standard","5":"has-post-thumbnail","7":"category-tu-soledad"},"_links":{"self":[{"href":"https:\/\/cronicadesoledad.com\/index.php\/wp-json\/wp\/v2\/posts\/26551","targetHints":{"allow":["GET"]}}],"collection":[{"href":"https:\/\/cronicadesoledad.com\/index.php\/wp-json\/wp\/v2\/posts"}],"about":[{"href":"https:\/\/cronicadesoledad.com\/index.php\/wp-json\/wp\/v2\/types\/post"}],"author":[{"embeddable":true,"href":"https:\/\/cronicadesoledad.com\/index.php\/wp-json\/wp\/v2\/users\/24"}],"replies":[{"embeddable":true,"href":"https:\/\/cronicadesoledad.com\/index.php\/wp-json\/wp\/v2\/comments?post=26551"}],"version-history":[{"count":1,"href":"https:\/\/cronicadesoledad.com\/index.php\/wp-json\/wp\/v2\/posts\/26551\/revisions"}],"predecessor-version":[{"id":26553,"href":"https:\/\/cronicadesoledad.com\/index.php\/wp-json\/wp\/v2\/posts\/26551\/revisions\/26553"}],"wp:featuredmedia":[{"embeddable":true,"href":"https:\/\/cronicadesoledad.com\/index.php\/wp-json\/wp\/v2\/media\/26552"}],"wp:attachment":[{"href":"https:\/\/cronicadesoledad.com\/index.php\/wp-json\/wp\/v2\/media?parent=26551"}],"wp:term":[{"taxonomy":"category","embeddable":true,"href":"https:\/\/cronicadesoledad.com\/index.php\/wp-json\/wp\/v2\/categories?post=26551"},{"taxonomy":"post_tag","embeddable":true,"href":"https:\/\/cronicadesoledad.com\/index.php\/wp-json\/wp\/v2\/tags?post=26551"}],"curies":[{"name":"wp","href":"https:\/\/api.w.org\/{rel}","templated":true}]}}