{"id":26555,"date":"2026-04-29T11:51:06","date_gmt":"2026-04-29T17:51:06","guid":{"rendered":"https:\/\/cronicadesoledad.com\/?p=26555"},"modified":"2026-04-29T11:51:06","modified_gmt":"2026-04-29T17:51:06","slug":"conociendo-el-sonido-13-a-traves-del-mundo-virtual","status":"publish","type":"post","link":"https:\/\/cronicadesoledad.com\/index.php\/2026\/04\/29\/conociendo-el-sonido-13-a-traves-del-mundo-virtual\/","title":{"rendered":"Conociendo el Sonido 13 a trav\u00e9s del mundo virtual"},"content":{"rendered":"\n<p>Este martes se llev\u00f3 a cabo la presentaci\u00f3n del proyecto PECDA \u201cConociendo el Sonido 13 a trav\u00e9s del mundo virtual\u201d en el Centro Cultural Juli\u00e1n Carrillo, a cargo de Jos\u00e9 Emmanuel Ram\u00edrez Medina, beneficiario del Programa de Est\u00edmulo a la Creaci\u00f3n y Desarrollo Art\u00edstico (PECDA) 2025, en la categor\u00eda Creadores con trayectoria, dentro de la disciplina de medios audiovisuales y alternativos.<\/p>\n\n\n\n<p>Durante la presentaci\u00f3n se cont\u00f3 con la presencia del secretario de Cultura, Mario Garc\u00eda Valdez, as\u00ed como del presidente municipal de Ahualulco del Sonido 13, Federico Monsivais Rojas, y estudiantes de la Escuela Primaria Escuela del Ni\u00f1o Obrero. Al finalizar, se realiz\u00f3 la entrega simb\u00f3lica de la exposici\u00f3n virtual por parte de Emmanuel Ram\u00edrez al titular de Cultura, as\u00ed como de la Secretar\u00eda de Cultura al presidente municipal, fortaleciendo los lazos de colaboraci\u00f3n para la difusi\u00f3n del patrimonio cultural potosino.<\/p>\n\n\n\n<p>El PECDA es un proyecto bipartita de la Secretar\u00eda de Cultura Federal y la Secretar\u00eda de Cultura de Gobierno del Estado que ofrece est\u00edmulos econ\u00f3micos a creadoras, creadores, int\u00e9rpretes, promotoras y promotores culturales, con el objetivo de impulsar proyectos art\u00edsticos en diversas disciplinas como artes visuales, danza, m\u00fasica y literatura. A trav\u00e9s de este programa se fortalece la producci\u00f3n cultural y el desarrollo art\u00edstico en las entidades del pa\u00eds.<\/p>\n\n\n\n<p>El proyecto beneficiado, \u201cLa exposici\u00f3n virtual El universo musical de Juli\u00e1n Carrillo Trujillo\u201d, propone un recorrido digital por pasajes de la vida y obra del m\u00fasico potosino, reconocido por la creaci\u00f3n del Sonido 13. La experiencia inmersiva integra documentos, fotograf\u00edas, videos, grabaciones y animaciones que permiten a las audiencias acercarse de manera innovadora a su legado musical.<\/p>\n\n\n\n<figure class=\"wp-block-gallery has-nested-images columns-default is-cropped wp-block-gallery-1 is-layout-flex wp-block-gallery-is-layout-flex\">\n<figure class=\"wp-block-image size-large\"><img decoding=\"async\" data-id=\"175582\" src=\"https:\/\/regioncentroslp.com\/wp-content\/uploads\/2026\/04\/WhatsApp-Image-2026-04-28-at-11.36.17-AM-1-1024x686.jpeg\" alt=\"\" class=\"wp-image-175582\"\/><\/figure>\n\n\n\n<figure class=\"wp-block-image size-large\"><img decoding=\"async\" data-id=\"175583\" src=\"https:\/\/regioncentroslp.com\/wp-content\/uploads\/2026\/04\/WhatsApp-Image-2026-04-28-at-11.36.17-AM-1024x576.jpeg\" alt=\"\" class=\"wp-image-175583\"\/><\/figure>\n\n\n\n<figure class=\"wp-block-image size-large\"><img decoding=\"async\" data-id=\"175584\" src=\"https:\/\/regioncentroslp.com\/wp-content\/uploads\/2026\/04\/WhatsApp-Image-2026-04-28-at-11.36.17-AM-2-1024x576.jpeg\" alt=\"\" class=\"wp-image-175584\"\/><\/figure>\n<\/figure>\n\n\n\n<p><\/p>\n","protected":false},"excerpt":{"rendered":"<p>Este martes se llev\u00f3 a cabo la presentaci\u00f3n del proyecto PECDA \u201cConociendo el Sonido 13 a trav\u00e9s del mundo virtual\u201d en el Centro Cultural Juli\u00e1n Carrillo, a cargo de Jos\u00e9 Emmanuel Ram\u00edrez Medina, beneficiario del Programa de Est\u00edmulo a la Creaci\u00f3n y Desarrollo Art\u00edstico (PECDA) 2025, en la categor\u00eda Creadores con trayectoria, dentro de la [&hellip;]<\/p>\n","protected":false},"author":24,"featured_media":26556,"comment_status":"open","ping_status":"open","sticky":false,"template":"","format":"standard","meta":{"footnotes":""},"categories":[3163],"tags":[],"class_list":{"0":"post-26555","1":"post","2":"type-post","3":"status-publish","4":"format-standard","5":"has-post-thumbnail","7":"category-san-luis-potosi"},"_links":{"self":[{"href":"https:\/\/cronicadesoledad.com\/index.php\/wp-json\/wp\/v2\/posts\/26555","targetHints":{"allow":["GET"]}}],"collection":[{"href":"https:\/\/cronicadesoledad.com\/index.php\/wp-json\/wp\/v2\/posts"}],"about":[{"href":"https:\/\/cronicadesoledad.com\/index.php\/wp-json\/wp\/v2\/types\/post"}],"author":[{"embeddable":true,"href":"https:\/\/cronicadesoledad.com\/index.php\/wp-json\/wp\/v2\/users\/24"}],"replies":[{"embeddable":true,"href":"https:\/\/cronicadesoledad.com\/index.php\/wp-json\/wp\/v2\/comments?post=26555"}],"version-history":[{"count":1,"href":"https:\/\/cronicadesoledad.com\/index.php\/wp-json\/wp\/v2\/posts\/26555\/revisions"}],"predecessor-version":[{"id":26557,"href":"https:\/\/cronicadesoledad.com\/index.php\/wp-json\/wp\/v2\/posts\/26555\/revisions\/26557"}],"wp:featuredmedia":[{"embeddable":true,"href":"https:\/\/cronicadesoledad.com\/index.php\/wp-json\/wp\/v2\/media\/26556"}],"wp:attachment":[{"href":"https:\/\/cronicadesoledad.com\/index.php\/wp-json\/wp\/v2\/media?parent=26555"}],"wp:term":[{"taxonomy":"category","embeddable":true,"href":"https:\/\/cronicadesoledad.com\/index.php\/wp-json\/wp\/v2\/categories?post=26555"},{"taxonomy":"post_tag","embeddable":true,"href":"https:\/\/cronicadesoledad.com\/index.php\/wp-json\/wp\/v2\/tags?post=26555"}],"curies":[{"name":"wp","href":"https:\/\/api.w.org\/{rel}","templated":true}]}}