{"id":26562,"date":"2026-04-29T12:36:03","date_gmt":"2026-04-29T18:36:03","guid":{"rendered":"https:\/\/cronicadesoledad.com\/?p=26562"},"modified":"2026-04-29T12:36:04","modified_gmt":"2026-04-29T18:36:04","slug":"dia-internacional-de-la-danza-en-slp","status":"publish","type":"post","link":"https:\/\/cronicadesoledad.com\/index.php\/2026\/04\/29\/dia-internacional-de-la-danza-en-slp\/","title":{"rendered":"D\u00eda internacional de la danza en SLP"},"content":{"rendered":"\n<p><strong>CEART SLP CELEBRA EL D\u00cdA INTERNACIONAL DE LA DANZA CON MUESTRA COREOGR\u00c1FICA Y CLASES ABIERTAS<\/strong><\/p>\n\n\n\n<p><strong>\u25cf&nbsp;<\/strong><strong>El programa contempla clases abiertas de distintos niveles y estilos dirigidas a p\u00fablicos diversos.<\/strong><\/p>\n\n\n\n<p>La Secretar\u00eda de Cultura de Gobierno del Estado invita al&nbsp; p\u00fablico en general a celebrar el D\u00eda Internacional de la Danza en el Centro de las Artes de San Luis Potos\u00ed, donde se llevar\u00e1 a cabo una serie de actividades abiertas del 27 al 30 de abril, con el prop\u00f3sito de fomentar la participaci\u00f3n, el aprendizaje y la apreciaci\u00f3n de esta disciplina art\u00edstica.<\/p>\n\n\n\n<p>El programa contempla clases abiertas de distintos niveles y estilos dirigidas a p\u00fablicos diversos, destacando como actividad central la primera muestra coreogr\u00e1fica \u201cBaila, Baila\u201d, que se realizar\u00e1 el mi\u00e9rcoles 29 de abril de 17:00 a 19:30 horas en el Foro \u201cCaja Negra\u201d, con entrada libre. Esta presentaci\u00f3n reunir\u00e1 a estudiantes de danza contempor\u00e1nea, cl\u00e1sica, hip-hop y danza tradicional, quienes compartir\u00e1n en escena el resultado de sus procesos formativos y creativos.<\/p>\n\n\n\n<p>Las actividades inician el lunes 27 de abril con la clase abierta de Danzas Tradicionales para personas adultas mayores, de 16:30 a 17:15 horas en la Sala 2 Teatro, impartida por Uriel Garc\u00eda. Ese mismo d\u00eda, de 17:00 a 18:00 horas, se llevar\u00e1 a cabo la clase abierta de Danza Contempor\u00e1nea para j\u00f3venes (nivel intermedio) con David Oviedo, en la Sala 1 \u201cArturo Garrido\u201d.<\/p>\n\n\n\n<p>El martes 28 de abril continuar\u00e1n las actividades con la clase abierta de Danza Contempor\u00e1nea para personas adultas (nivel intermedio), de 17:00 a 18:00 horas, seguida de la clase de nivel avanzado de 18:30 a 19:30 horas, ambas en la Sala 1 \u201cArturo Garrido\u201d e impartidas por Patricia Fuentes. Para el jueves 30 de abril, se realizar\u00e1n clases de Danza Cl\u00e1sica en distintos niveles en la Sala 2 de danza, a cargo de Lidia M\u00e9ndez, as\u00ed como la clase abierta de Danza Urbana: Hip-hop, de 17:00 a 18:00 horas en la Sala 2 Teatro, impartida por Fernanda Torres y Mario Rocha.<\/p>\n\n\n\n<figure class=\"wp-block-gallery has-nested-images columns-default is-cropped wp-block-gallery-1 is-layout-flex wp-block-gallery-is-layout-flex\">\n<figure class=\"wp-block-image size-large\"><img decoding=\"async\" data-id=\"175647\" src=\"https:\/\/regioncentroslp.com\/wp-content\/uploads\/2026\/04\/20250603_185236-4-1024x768.jpg\" alt=\"\" class=\"wp-image-175647\"\/><\/figure>\n\n\n\n<figure class=\"wp-block-image size-large\"><img decoding=\"async\" data-id=\"175648\" src=\"https:\/\/regioncentroslp.com\/wp-content\/uploads\/2026\/04\/20250603_184418-1024x768.jpg\" alt=\"\" class=\"wp-image-175648\"\/><\/figure>\n\n\n\n<figure class=\"wp-block-image size-large\"><img decoding=\"async\" data-id=\"175646\" src=\"https:\/\/regioncentroslp.com\/wp-content\/uploads\/2026\/04\/20250603_183700-1024x768.jpg\" alt=\"\" class=\"wp-image-175646\"\/><\/figure>\n\n\n\n<figure class=\"wp-block-image size-large\"><img decoding=\"async\" data-id=\"175644\" src=\"https:\/\/regioncentroslp.com\/wp-content\/uploads\/2026\/04\/1-47-1024x768.jpg\" alt=\"\" class=\"wp-image-175644\"\/><\/figure>\n\n\n\n<figure class=\"wp-block-image size-large\"><img decoding=\"async\" data-id=\"175645\" src=\"https:\/\/regioncentroslp.com\/wp-content\/uploads\/2026\/04\/1-1-1024x768.jpg\" alt=\"\" class=\"wp-image-175645\"\/><\/figure>\n\n\n\n<figure class=\"wp-block-image size-large\"><img decoding=\"async\" data-id=\"175643\" src=\"https:\/\/regioncentroslp.com\/wp-content\/uploads\/2026\/04\/1-15-1-1024x768.jpg\" alt=\"\" class=\"wp-image-175643\"\/><\/figure>\n\n\n\n<figure class=\"wp-block-image size-large\"><img decoding=\"async\" data-id=\"175642\" src=\"https:\/\/regioncentroslp.com\/wp-content\/uploads\/2026\/04\/1-33-1-1024x768.jpg\" alt=\"\" class=\"wp-image-175642\"\/><\/figure>\n\n\n\n<figure class=\"wp-block-image size-large\"><img decoding=\"async\" data-id=\"175640\" src=\"https:\/\/regioncentroslp.com\/wp-content\/uploads\/2026\/04\/1-7-1024x768.jpg\" alt=\"\" class=\"wp-image-175640\"\/><\/figure>\n<\/figure>\n\n\n\n<p><\/p>\n","protected":false},"excerpt":{"rendered":"<p>CEART SLP CELEBRA EL D\u00cdA INTERNACIONAL DE LA DANZA CON MUESTRA COREOGR\u00c1FICA Y CLASES ABIERTAS \u25cf&nbsp;El programa contempla clases abiertas de distintos niveles y estilos dirigidas a p\u00fablicos diversos. La Secretar\u00eda de Cultura de Gobierno del Estado invita al&nbsp; p\u00fablico en general a celebrar el D\u00eda Internacional de la Danza en el Centro de las [&hellip;]<\/p>\n","protected":false},"author":24,"featured_media":26563,"comment_status":"open","ping_status":"open","sticky":false,"template":"","format":"standard","meta":{"footnotes":""},"categories":[3163],"tags":[],"class_list":{"0":"post-26562","1":"post","2":"type-post","3":"status-publish","4":"format-standard","5":"has-post-thumbnail","7":"category-san-luis-potosi"},"_links":{"self":[{"href":"https:\/\/cronicadesoledad.com\/index.php\/wp-json\/wp\/v2\/posts\/26562","targetHints":{"allow":["GET"]}}],"collection":[{"href":"https:\/\/cronicadesoledad.com\/index.php\/wp-json\/wp\/v2\/posts"}],"about":[{"href":"https:\/\/cronicadesoledad.com\/index.php\/wp-json\/wp\/v2\/types\/post"}],"author":[{"embeddable":true,"href":"https:\/\/cronicadesoledad.com\/index.php\/wp-json\/wp\/v2\/users\/24"}],"replies":[{"embeddable":true,"href":"https:\/\/cronicadesoledad.com\/index.php\/wp-json\/wp\/v2\/comments?post=26562"}],"version-history":[{"count":1,"href":"https:\/\/cronicadesoledad.com\/index.php\/wp-json\/wp\/v2\/posts\/26562\/revisions"}],"predecessor-version":[{"id":26564,"href":"https:\/\/cronicadesoledad.com\/index.php\/wp-json\/wp\/v2\/posts\/26562\/revisions\/26564"}],"wp:featuredmedia":[{"embeddable":true,"href":"https:\/\/cronicadesoledad.com\/index.php\/wp-json\/wp\/v2\/media\/26563"}],"wp:attachment":[{"href":"https:\/\/cronicadesoledad.com\/index.php\/wp-json\/wp\/v2\/media?parent=26562"}],"wp:term":[{"taxonomy":"category","embeddable":true,"href":"https:\/\/cronicadesoledad.com\/index.php\/wp-json\/wp\/v2\/categories?post=26562"},{"taxonomy":"post_tag","embeddable":true,"href":"https:\/\/cronicadesoledad.com\/index.php\/wp-json\/wp\/v2\/tags?post=26562"}],"curies":[{"name":"wp","href":"https:\/\/api.w.org\/{rel}","templated":true}]}}