{"id":26566,"date":"2026-04-29T12:53:52","date_gmt":"2026-04-29T18:53:52","guid":{"rendered":"https:\/\/cronicadesoledad.com\/?p=26566"},"modified":"2026-04-29T12:53:53","modified_gmt":"2026-04-29T18:53:53","slug":"incrementa-la-percepcion-de-mejor-seguridad-publica-en-los-soledenses","status":"publish","type":"post","link":"https:\/\/cronicadesoledad.com\/index.php\/2026\/04\/29\/incrementa-la-percepcion-de-mejor-seguridad-publica-en-los-soledenses\/","title":{"rendered":"Incrementa la percepci\u00f3n de mejor seguridad p\u00fablica\u00a0en los Soledenses"},"content":{"rendered":"\n<p>\u2013 Se registr\u00f3 un incremento de 14.8 puntos al \u00edndice de percepci\u00f3n ciudadana sobre la seguridad p\u00fablica.<\/p>\n\n\n\n<p>De acuerdo al estudio m\u00e1s reciente del Instituto Nacional de Estad\u00edstica y Geograf\u00eda (INEGI), la ciudadan\u00eda de Soledad de Graciano S\u00e1nchez percibe m\u00e1s y mejores condiciones de seguridad p\u00fablica ahora, en comparativa con el a\u00f1o pasado.<\/p>\n\n\n\n<p>La Encuesta Nacional de Seguridad P\u00fablica Urbana de marzo de 2026 mostr\u00f3 una disminuci\u00f3n significativa en la percepci\u00f3n de inseguridad en Soledad y el resto de la zona metropolitana.<\/p>\n\n\n\n<p>Mientras en marzo del 2025, el 27.6 por ciento de la poblaci\u00f3n consideraba vivir en entorno de seguridad, ahora, en el mismo mes pero de este a\u00f1o, el \u00edndice increment\u00f3 a 42.4 por ciento, lo que habla de un incremento significativo para el bienestar social, de acuerdo al INEGI.<\/p>\n\n\n\n<p>Este resultado se asume como un logro del Gobierno Municipal de Soledad, que lidera el Alcalde, Juan Manuel Navarro Mu\u00f1iz, ya que con la creaci\u00f3n y fortalecimiento de la Guardia Civil Municipal se ha multiplicado la vigilancia y la prevenci\u00f3n en las m\u00e1s de 300 colonias de la ciudad soledense y se ha logrado aumentar la confianza ciudadana.<\/p>\n\n\n\n<p>As\u00ed, se han mantenido tambi\u00e9n pol\u00edticas de proximidad y presencia de la Guardia Municipal, reforzando la confianza en espacios p\u00fablicos y con acciones de cercan\u00eda con las familias y visitantes, reflej\u00e1ndose el aumento de la confianza ciudadana en una corporaci\u00f3n cada vez m\u00e1s capacitada, sensible, preparada y cercana.<\/p>\n\n\n\n<p>Estas acciones han tenido impacto en la vida cotidiana, asegurando que la poblaci\u00f3n se sienta m\u00e1s tranquila en calles, espacios p\u00fablicos, centros comerciales y en cada rinc\u00f3n del municipio.<\/p>\n\n\n\n<p>En un contexto nacional donde la mayor\u00eda de las ciudades enfrenta incrementos o estancamiento de estrategias para combatir la inseguridad, el caso de Soledad destaca como ejemplo de gesti\u00f3n local que contribuye a la mejora de la zona metropolitana y que se traduce en un reconocimiento ciudadano al trabajo del Ayuntamiento.<\/p>\n","protected":false},"excerpt":{"rendered":"<p>\u2013 Se registr\u00f3 un incremento de 14.8 puntos al \u00edndice de percepci\u00f3n ciudadana sobre la seguridad p\u00fablica. De acuerdo al estudio m\u00e1s reciente del Instituto Nacional de Estad\u00edstica y Geograf\u00eda (INEGI), la ciudadan\u00eda de Soledad de Graciano S\u00e1nchez percibe m\u00e1s y mejores condiciones de seguridad p\u00fablica ahora, en comparativa con el a\u00f1o pasado. La Encuesta [&hellip;]<\/p>\n","protected":false},"author":24,"featured_media":26567,"comment_status":"open","ping_status":"open","sticky":false,"template":"","format":"standard","meta":{"footnotes":""},"categories":[21],"tags":[],"class_list":{"0":"post-26566","1":"post","2":"type-post","3":"status-publish","4":"format-standard","5":"has-post-thumbnail","7":"category-tu-soledad"},"_links":{"self":[{"href":"https:\/\/cronicadesoledad.com\/index.php\/wp-json\/wp\/v2\/posts\/26566","targetHints":{"allow":["GET"]}}],"collection":[{"href":"https:\/\/cronicadesoledad.com\/index.php\/wp-json\/wp\/v2\/posts"}],"about":[{"href":"https:\/\/cronicadesoledad.com\/index.php\/wp-json\/wp\/v2\/types\/post"}],"author":[{"embeddable":true,"href":"https:\/\/cronicadesoledad.com\/index.php\/wp-json\/wp\/v2\/users\/24"}],"replies":[{"embeddable":true,"href":"https:\/\/cronicadesoledad.com\/index.php\/wp-json\/wp\/v2\/comments?post=26566"}],"version-history":[{"count":1,"href":"https:\/\/cronicadesoledad.com\/index.php\/wp-json\/wp\/v2\/posts\/26566\/revisions"}],"predecessor-version":[{"id":26568,"href":"https:\/\/cronicadesoledad.com\/index.php\/wp-json\/wp\/v2\/posts\/26566\/revisions\/26568"}],"wp:featuredmedia":[{"embeddable":true,"href":"https:\/\/cronicadesoledad.com\/index.php\/wp-json\/wp\/v2\/media\/26567"}],"wp:attachment":[{"href":"https:\/\/cronicadesoledad.com\/index.php\/wp-json\/wp\/v2\/media?parent=26566"}],"wp:term":[{"taxonomy":"category","embeddable":true,"href":"https:\/\/cronicadesoledad.com\/index.php\/wp-json\/wp\/v2\/categories?post=26566"},{"taxonomy":"post_tag","embeddable":true,"href":"https:\/\/cronicadesoledad.com\/index.php\/wp-json\/wp\/v2\/tags?post=26566"}],"curies":[{"name":"wp","href":"https:\/\/api.w.org\/{rel}","templated":true}]}}