{"id":26569,"date":"2026-04-29T13:51:52","date_gmt":"2026-04-29T19:51:52","guid":{"rendered":"https:\/\/cronicadesoledad.com\/?p=26569"},"modified":"2026-04-29T13:51:52","modified_gmt":"2026-04-29T19:51:52","slug":"gusano-barrenador-refuerza-acciones-preventivas-en-soledad","status":"publish","type":"post","link":"https:\/\/cronicadesoledad.com\/index.php\/2026\/04\/29\/gusano-barrenador-refuerza-acciones-preventivas-en-soledad\/","title":{"rendered":"Gusano barrenador refuerza acciones preventivas en Soledad"},"content":{"rendered":"\n<p>El departamento de Desarrollo Rural y Agropecuario de Soledad implementar\u00e1 acciones preventivas en todas las comunidades, como son comit\u00e9s de vigilancia para la detecci\u00f3n oportuna del gusano barrenador.<\/p>\n\n\n\n<p>Octaviano Vel\u00e1zquez, titular del \u00e1rea, indic\u00f3 que sostuvieron una reuni\u00f3n con la Secretar\u00eda de Desarrollo Agropecuario y Recursos Hidr\u00e1ulicos (Sedarh), donde se acord\u00f3 fortalecer las medidas de prevenci\u00f3n, especialmente previo a la temporada de lluvias, cuando las condiciones de humedad pueden favorecer la proliferaci\u00f3n de este par\u00e1sito.<\/p>\n\n\n\n<p>El funcionario explic\u00f3 que, como parte de estas acciones, se conformar\u00e1n equipos comunitarios encargados de identificar posibles casos y reportarlos de inmediato, con el objetivo de contener su propagaci\u00f3n.<\/p>\n\n\n\n<p>Se\u00f1al\u00f3 que actualmente el municipio ya cuenta con dos responsables del programa, quienes coordinar\u00e1n la integraci\u00f3n de estos comit\u00e9s en cada localidad.<\/p>\n\n\n\n<p>El funcionario indic\u00f3 que semanas atr\u00e1s se confirm\u00f3 en Fracci\u00f3n Rivera el primer caso de gusano barrenador en un perro, el cual se origin\u00f3 debido a una herida expuesta; sin embargo, descart\u00f3 que se haya dado alg\u00fan caso en el ganado pecuario.<\/p>\n\n\n\n<p>Indic\u00f3 que esta plaga no se desarrolla si no existen lesiones abiertas, pero en caso contrario, las larvas pueden invadir el cuerpo del animal y provocar graves da\u00f1os, incluso la muerte.<\/p>\n\n\n\n<p>En ese sentido, sostuvo que el gusano barrenador puede afectar a diversas especies de sangre caliente, incluyendo ganado, aves, mascotas e incluso seres humanos, por lo que hizo un llamado a la poblaci\u00f3n a revisar constantemente a sus animales y atender cualquier herida de inmediato.<\/p>\n","protected":false},"excerpt":{"rendered":"<p>El departamento de Desarrollo Rural y Agropecuario de Soledad implementar\u00e1 acciones preventivas en todas las comunidades, como son comit\u00e9s de vigilancia para la detecci\u00f3n oportuna del gusano barrenador. Octaviano Vel\u00e1zquez, titular del \u00e1rea, indic\u00f3 que sostuvieron una reuni\u00f3n con la Secretar\u00eda de Desarrollo Agropecuario y Recursos Hidr\u00e1ulicos (Sedarh), donde se acord\u00f3 fortalecer las medidas de [&hellip;]<\/p>\n","protected":false},"author":24,"featured_media":26571,"comment_status":"open","ping_status":"open","sticky":false,"template":"","format":"standard","meta":{"footnotes":""},"categories":[21],"tags":[],"class_list":{"0":"post-26569","1":"post","2":"type-post","3":"status-publish","4":"format-standard","5":"has-post-thumbnail","7":"category-tu-soledad"},"_links":{"self":[{"href":"https:\/\/cronicadesoledad.com\/index.php\/wp-json\/wp\/v2\/posts\/26569","targetHints":{"allow":["GET"]}}],"collection":[{"href":"https:\/\/cronicadesoledad.com\/index.php\/wp-json\/wp\/v2\/posts"}],"about":[{"href":"https:\/\/cronicadesoledad.com\/index.php\/wp-json\/wp\/v2\/types\/post"}],"author":[{"embeddable":true,"href":"https:\/\/cronicadesoledad.com\/index.php\/wp-json\/wp\/v2\/users\/24"}],"replies":[{"embeddable":true,"href":"https:\/\/cronicadesoledad.com\/index.php\/wp-json\/wp\/v2\/comments?post=26569"}],"version-history":[{"count":1,"href":"https:\/\/cronicadesoledad.com\/index.php\/wp-json\/wp\/v2\/posts\/26569\/revisions"}],"predecessor-version":[{"id":26572,"href":"https:\/\/cronicadesoledad.com\/index.php\/wp-json\/wp\/v2\/posts\/26569\/revisions\/26572"}],"wp:featuredmedia":[{"embeddable":true,"href":"https:\/\/cronicadesoledad.com\/index.php\/wp-json\/wp\/v2\/media\/26571"}],"wp:attachment":[{"href":"https:\/\/cronicadesoledad.com\/index.php\/wp-json\/wp\/v2\/media?parent=26569"}],"wp:term":[{"taxonomy":"category","embeddable":true,"href":"https:\/\/cronicadesoledad.com\/index.php\/wp-json\/wp\/v2\/categories?post=26569"},{"taxonomy":"post_tag","embeddable":true,"href":"https:\/\/cronicadesoledad.com\/index.php\/wp-json\/wp\/v2\/tags?post=26569"}],"curies":[{"name":"wp","href":"https:\/\/api.w.org\/{rel}","templated":true}]}}