{"id":26573,"date":"2026-04-29T14:02:23","date_gmt":"2026-04-29T20:02:23","guid":{"rendered":"https:\/\/cronicadesoledad.com\/?p=26573"},"modified":"2026-04-29T14:02:37","modified_gmt":"2026-04-29T20:02:37","slug":"eu-acusa-al-gobernador-de-sinaloa-y-su-gabinete-de-nexos-con-el-narcotrafico","status":"publish","type":"post","link":"https:\/\/cronicadesoledad.com\/index.php\/2026\/04\/29\/eu-acusa-al-gobernador-de-sinaloa-y-su-gabinete-de-nexos-con-el-narcotrafico\/","title":{"rendered":"EU acusa al gobernador de Sinaloa y su gabinete de nexos con el narcotr\u00e1fico"},"content":{"rendered":"\n<p>La Fiscal\u00eda del Distrito Sur de Nueva York ha formalizado una acusaci\u00f3n penal contra el actual gobernador de Sinaloa, <strong>Rub\u00e9n Rocha Moya<\/strong>, y otros nueve funcionarios de su administraci\u00f3n. El Departamento de Justicia de Estados Unidos sostiene que el mandatario y su c\u00edrculo cercano operaron como una extensi\u00f3n institucional del <strong>C\u00e1rtel de Sinaloa<\/strong>, facilitando el flujo de narc\u00f3ticos hacia territorio estadounidense y participando en actos de violencia extrema.<\/p>\n\n\n\n<p>El expediente judicial, asignado a la jueza federal <strong>Katherine Polk Failla<\/strong>, describe una red de corrupci\u00f3n sist\u00e9mica donde los cargos p\u00fablicos fueron presuntamente puestos al servicio de la organizaci\u00f3n criminal. Las autoridades norteamericanas aseguran que esta colaboraci\u00f3n no fue circunstancial, sino el resultado de un pacto establecido desde antes de que Rocha Moya asumiera el poder en noviembre de 2021.<\/p>\n\n\n\n<p>De acuerdo con las investigaciones presentadas por Washington, la llegada de Rocha Moya a la gubernatura estuvo marcada por la intervenci\u00f3n directa de la facci\u00f3n conocida como <strong>Los Chapitos<\/strong>. La acusaci\u00f3n detalla que el grupo delictivo despleg\u00f3 t\u00e1cticas de intimidaci\u00f3n, coacci\u00f3n y secuestro contra rivales pol\u00edticos para asegurar la victoria del morenista en los comicios de 2021.<\/p>\n\n\n\n<p>La fiscal\u00eda sostiene que el gobernador mantuvo reuniones con l\u00edderes de la organizaci\u00f3n tanto en su etapa de candidato como durante su mandato. En estos encuentros, se habr\u00edan sellado acuerdos de protecci\u00f3n oficial para las operaciones de tr\u00e1fico de drogas a cambio del respaldo pol\u00edtico y operativo del c\u00e1rtel.<\/p>\n\n\n\n<p>La lista de imputados no se limita al Ejecutivo estatal; abarca puestos clave en la seguridad p\u00fablica y la administraci\u00f3n de justicia en la entidad. Entre los se\u00f1alados figuran:<\/p>\n\n\n\n<ul class=\"wp-block-list\">\n<li><strong>Enrique Inzunza C\u00e1zarez<\/strong>, exsecretario general de Gobierno.<\/li>\n\n\n\n<li><strong>Enrique D\u00edaz Vega<\/strong>, exsecretario de Administraci\u00f3n y Finanzas.<\/li>\n\n\n\n<li><strong>D\u00e1maso Castro Zaavedra<\/strong>, subfiscal general del estado.<\/li>\n\n\n\n<li><strong>Gerardo M\u00e9rida S\u00e1nchez<\/strong>, exsecretario de Seguridad P\u00fablica.<\/li>\n\n\n\n<li><strong>Juan de Dios G\u00e1mez Mend\u00edvil<\/strong>, alcalde de Culiac\u00e1n.<\/li>\n\n\n\n<li><strong>Marco Antonio Almanza Avil\u00e9s<\/strong> y <strong>Alberto Jorge Contreras N\u00fa\u00f1ez<\/strong>, exjefes de la Polic\u00eda de Investigaci\u00f3n.<\/li>\n\n\n\n<li><strong>Jos\u00e9 Antonio Dionisio Hip\u00f3lito<\/strong> y <strong>Juan Valenzuela Mill\u00e1n<\/strong>, altos mandos policiales.<\/li>\n<\/ul>\n\n\n\n<p>Las imputaciones son graves: asociaci\u00f3n delictuosa, tr\u00e1fico de estupefacientes y violaciones a las leyes de armas de fuego. No obstante, el caso de <strong>Juan Valenzuela Mill\u00e1n<\/strong>, alias &#8220;Juanito&#8221;, destaca por su especial brutalidad. Al excomandante se le vincula con el secuestro de un informante de la DEA y un familiar de este, acciones que culminaron en el asesinato de ambas personas.<\/p>\n\n\n\n<p>Para los fiscales estadounidenses, la traici\u00f3n a la confianza p\u00fablica por parte de estos funcionarios permiti\u00f3 que el C\u00e1rtel de Sinaloa operara bajo un manto de total impunidad. El documento judicial es tajante al afirmar que miembros de las fuerzas de seguridad sinaloenses participaron directamente en las represalias del grupo criminal, llegando a ejecutar a enemigos de la organizaci\u00f3n y a ciudadanos sospechosos de cooperar con las autoridades de Estados Unidos.<\/p>\n\n\n\n<p>&#8220;Han vendido sus cargos a cambio de sobornos masivos&#8221;, se\u00f1ala la acusaci\u00f3n, subrayando que esta protecci\u00f3n institucional ha puesto en peligro directo la seguridad de los ciudadanos en ambos lados de la frontera al facilitar la distribuci\u00f3n masiva de drogas mortales.<\/p>\n\n\n\n<p>A pesar de la magnitud de los se\u00f1alamientos, el panorama oficial en M\u00e9xico se mantiene en silencio. Hasta el cierre de este reporte, ni el Gobierno Federal ni el propio Rub\u00e9n Rocha Moya han emitido declaraciones p\u00fablicas para desmentir o aclarar las acusaciones.<\/p>\n\n\n\n<p>El proceso en la Corte de Nueva York marca el inicio de una batalla legal de alto nivel. Mientras la justicia estadounidense busca desmantelar las redes de apoyo pol\u00edtico que sostienen al narcotr\u00e1fico, el futuro de la administraci\u00f3n actual en Sinaloa pende de un hilo, sujeto a las pruebas que deber\u00e1n ser desahogadas ante la jueza Polk Failla bajo los principios del debido proceso.<\/p>\n","protected":false},"excerpt":{"rendered":"<p>La Fiscal\u00eda del Distrito Sur de Nueva York ha formalizado una acusaci\u00f3n penal contra el actual gobernador de Sinaloa, Rub\u00e9n Rocha Moya, y otros nueve funcionarios de su administraci\u00f3n. El Departamento de Justicia de Estados Unidos sostiene que el mandatario y su c\u00edrculo cercano operaron como una extensi\u00f3n institucional del C\u00e1rtel de Sinaloa, facilitando el [&hellip;]<\/p>\n","protected":false},"author":24,"featured_media":26574,"comment_status":"open","ping_status":"open","sticky":false,"template":"","format":"standard","meta":{"footnotes":""},"categories":[1],"tags":[],"class_list":{"0":"post-26573","1":"post","2":"type-post","3":"status-publish","4":"format-standard","5":"has-post-thumbnail","7":"category-destacadas"},"_links":{"self":[{"href":"https:\/\/cronicadesoledad.com\/index.php\/wp-json\/wp\/v2\/posts\/26573","targetHints":{"allow":["GET"]}}],"collection":[{"href":"https:\/\/cronicadesoledad.com\/index.php\/wp-json\/wp\/v2\/posts"}],"about":[{"href":"https:\/\/cronicadesoledad.com\/index.php\/wp-json\/wp\/v2\/types\/post"}],"author":[{"embeddable":true,"href":"https:\/\/cronicadesoledad.com\/index.php\/wp-json\/wp\/v2\/users\/24"}],"replies":[{"embeddable":true,"href":"https:\/\/cronicadesoledad.com\/index.php\/wp-json\/wp\/v2\/comments?post=26573"}],"version-history":[{"count":2,"href":"https:\/\/cronicadesoledad.com\/index.php\/wp-json\/wp\/v2\/posts\/26573\/revisions"}],"predecessor-version":[{"id":26576,"href":"https:\/\/cronicadesoledad.com\/index.php\/wp-json\/wp\/v2\/posts\/26573\/revisions\/26576"}],"wp:featuredmedia":[{"embeddable":true,"href":"https:\/\/cronicadesoledad.com\/index.php\/wp-json\/wp\/v2\/media\/26574"}],"wp:attachment":[{"href":"https:\/\/cronicadesoledad.com\/index.php\/wp-json\/wp\/v2\/media?parent=26573"}],"wp:term":[{"taxonomy":"category","embeddable":true,"href":"https:\/\/cronicadesoledad.com\/index.php\/wp-json\/wp\/v2\/categories?post=26573"},{"taxonomy":"post_tag","embeddable":true,"href":"https:\/\/cronicadesoledad.com\/index.php\/wp-json\/wp\/v2\/tags?post=26573"}],"curies":[{"name":"wp","href":"https:\/\/api.w.org\/{rel}","templated":true}]}}