{"id":26581,"date":"2026-04-30T13:21:37","date_gmt":"2026-04-30T19:21:37","guid":{"rendered":"https:\/\/cronicadesoledad.com\/?p=26581"},"modified":"2026-04-30T13:21:37","modified_gmt":"2026-04-30T19:21:37","slug":"nuevo-techado-en-escuela-primaria","status":"publish","type":"post","link":"https:\/\/cronicadesoledad.com\/index.php\/2026\/04\/30\/nuevo-techado-en-escuela-primaria\/","title":{"rendered":"Nuevo techado en escuela primaria"},"content":{"rendered":"\n<p>\u201cHoy nuestras hijas e hijos tienen un mejor lugar para aprender, jugar y crecer; estamos muy agradecidos por este apoyo que cuida su bienestar\u201d, coincidieron con entusiasmo directivos, docentes y madres de familia de la Escuela Primaria \u201cJos\u00e9 Mar\u00eda Morelos y Pav\u00f3n\u201d, tras la inauguraci\u00f3n del nuevo techado que mejora de forma directa las condiciones en las que ni\u00f1as y ni\u00f1os realizan sus actividades escolares, deportivas y recreativas, al destacar el respaldo cercano del Alcalde Juan Manuel Navarro Mu\u00f1iz, cuya gesti\u00f3n responde a las necesidades reales de la comunidad educativa.<\/p>\n\n\n\n<p>El director del plantel, V\u00edctor Cruz, resalt\u00f3 que el beneficio alcanza a m\u00e1s estudiantes: \u201cEste techado no \u00fanicamente beneficia a la escuela Jos\u00e9 Mar\u00eda Morelos y Pav\u00f3n, sino tambi\u00e9n a la Escuela Ignacio Allende del turno vespertino; son cerca de 550 ni\u00f1os los que resultan beneficiados, ahora tendr\u00e1n espacio suficiente para realizar actividades al aire libre\u201d, expres\u00f3, al reconocer que en Soledad se impulsan obras educativas en favor de la ni\u00f1ez.<\/p>\n\n\n\n<p>Por su parte, la docente Elia Edith Vel\u00e1zquez subray\u00f3 la importancia de contar con este espacio ante las altas temperaturas: \u201cS\u00ed nos hac\u00eda falta un techado, en estos tiempos de mucho calor los ni\u00f1os sufr\u00edan bastante al realizar actividades f\u00edsicas; adem\u00e1s, nuestra escuela es sede de eventos culturales y deportivos, por lo que esta obra representa un gran beneficio\u201d, se\u00f1al\u00f3.<\/p>\n\n\n\n<p>Desde el punto de vista de las familias, Alejandra Tinajero destac\u00f3 el cambio que representa para la salud de las y los estudiantes: \u201cSe le agradece mucho al Alcalde por este apoyo, ahora los ni\u00f1os podr\u00e1n hacer sus actividades sin tanto problema, antes se asoleaban bastante e incluso hab\u00eda casos de insolaci\u00f3n\u201d, coment\u00f3; mientras que Perla Mar\u00eda a\u00f1adi\u00f3: \u201cEs un proyecto muy esperado, ahora que est\u00e1 techado podr\u00e1n realizar m\u00e1s actividades sin sufrir el sol, es un trabajo muy bien realizado que les ayudar\u00e1 bastante\u201d.<\/p>\n\n\n\n<p>La obra, que se realiz\u00f3 en coordinaci\u00f3n con el Gobierno del Estado, consisti\u00f3 en la construcci\u00f3n de un techado con cubierta met\u00e1lica de 15 por 27 metros, adem\u00e1s de pintura de cancha, instalaci\u00f3n de porter\u00edas, postes de voleibol y alumbrado, con una inversi\u00f3n superior a los 2 millones de pesos, fortaleciendo espacios dignos para el desarrollo integral de m\u00e1s de 500 alumnas y alumnos en Soledad de Graciano S\u00e1nchez.<\/p>\n\n\n\n<figure class=\"wp-block-gallery has-nested-images columns-default is-cropped wp-block-gallery-1 is-layout-flex wp-block-gallery-is-layout-flex\">\n<figure class=\"wp-block-image size-large\"><img decoding=\"async\" data-id=\"175681\" src=\"https:\/\/regioncentroslp.com\/wp-content\/uploads\/2026\/04\/WhatsApp-Image-2026-04-29-at-2.00.54-PM-1068x712-1-1024x683.jpeg\" alt=\"\" class=\"wp-image-175681\"\/><\/figure>\n\n\n\n<figure class=\"wp-block-image size-large\"><img decoding=\"async\" data-id=\"175682\" src=\"https:\/\/regioncentroslp.com\/wp-content\/uploads\/2026\/04\/TECHADOaaa.jpg\" alt=\"\" class=\"wp-image-175682\"\/><\/figure>\n<\/figure>\n\n\n\n<p><\/p>\n","protected":false},"excerpt":{"rendered":"<p>\u201cHoy nuestras hijas e hijos tienen un mejor lugar para aprender, jugar y crecer; estamos muy agradecidos por este apoyo que cuida su bienestar\u201d, coincidieron con entusiasmo directivos, docentes y madres de familia de la Escuela Primaria \u201cJos\u00e9 Mar\u00eda Morelos y Pav\u00f3n\u201d, tras la inauguraci\u00f3n del nuevo techado que mejora de forma directa las condiciones [&hellip;]<\/p>\n","protected":false},"author":24,"featured_media":26582,"comment_status":"open","ping_status":"open","sticky":false,"template":"","format":"standard","meta":{"footnotes":""},"categories":[21],"tags":[],"class_list":{"0":"post-26581","1":"post","2":"type-post","3":"status-publish","4":"format-standard","5":"has-post-thumbnail","7":"category-tu-soledad"},"_links":{"self":[{"href":"https:\/\/cronicadesoledad.com\/index.php\/wp-json\/wp\/v2\/posts\/26581","targetHints":{"allow":["GET"]}}],"collection":[{"href":"https:\/\/cronicadesoledad.com\/index.php\/wp-json\/wp\/v2\/posts"}],"about":[{"href":"https:\/\/cronicadesoledad.com\/index.php\/wp-json\/wp\/v2\/types\/post"}],"author":[{"embeddable":true,"href":"https:\/\/cronicadesoledad.com\/index.php\/wp-json\/wp\/v2\/users\/24"}],"replies":[{"embeddable":true,"href":"https:\/\/cronicadesoledad.com\/index.php\/wp-json\/wp\/v2\/comments?post=26581"}],"version-history":[{"count":1,"href":"https:\/\/cronicadesoledad.com\/index.php\/wp-json\/wp\/v2\/posts\/26581\/revisions"}],"predecessor-version":[{"id":26583,"href":"https:\/\/cronicadesoledad.com\/index.php\/wp-json\/wp\/v2\/posts\/26581\/revisions\/26583"}],"wp:featuredmedia":[{"embeddable":true,"href":"https:\/\/cronicadesoledad.com\/index.php\/wp-json\/wp\/v2\/media\/26582"}],"wp:attachment":[{"href":"https:\/\/cronicadesoledad.com\/index.php\/wp-json\/wp\/v2\/media?parent=26581"}],"wp:term":[{"taxonomy":"category","embeddable":true,"href":"https:\/\/cronicadesoledad.com\/index.php\/wp-json\/wp\/v2\/categories?post=26581"},{"taxonomy":"post_tag","embeddable":true,"href":"https:\/\/cronicadesoledad.com\/index.php\/wp-json\/wp\/v2\/tags?post=26581"}],"curies":[{"name":"wp","href":"https:\/\/api.w.org\/{rel}","templated":true}]}}