{"id":26584,"date":"2026-04-30T13:53:58","date_gmt":"2026-04-30T19:53:58","guid":{"rendered":"https:\/\/cronicadesoledad.com\/?p=26584"},"modified":"2026-04-30T13:53:58","modified_gmt":"2026-04-30T19:53:58","slug":"el-diablo-aun-viste-a-la-moda-su-secuela-ya-llego-a-salas-mexicanas","status":"publish","type":"post","link":"https:\/\/cronicadesoledad.com\/index.php\/2026\/04\/30\/el-diablo-aun-viste-a-la-moda-su-secuela-ya-llego-a-salas-mexicanas\/","title":{"rendered":"El diablo a\u00fan viste a la moda: su secuela ya lleg\u00f3 a salas mexicanas"},"content":{"rendered":"\n<p>\u00bfCrees que el mundo de la moda no tiene que ver contigo? Entonces qu\u00e9date con tu su\u00e9ter cer\u00faleo, mientras Miranda Priestly regresa a los cines a partir del 30 de Abril con &#8220;El Diablo Viste A La Moda 2&#8221;, la secuela de <em>El diablo viste a la moda<\/em>, una cinta que marc\u00f3 a los 2000&#8217;s y redefini\u00f3 el significado del lujo y la crueldad en las oficinas de <em>Runway<\/em>.<\/p>\n\n\n\n<p>Lo que parec\u00eda un sue\u00f1o imposible se hizo realidad: Meryl Streep, Anne Hathaway, Emily Blunt y Stanley Tucci retoman sus legendarios personajes. Veremos a una Andy mucho m\u00e1s madura y segura de s\u00ed misma cruz\u00e1ndose de nuevo en el camino de la mujer que casi destruye su vida personal.<\/p>\n\n\n\n<p>La trama que nos sit\u00faa en un presente brutal donde el papel impreso agoniza. Miranda Priestly, la eterna reina de la moda, se enfrenta al declive de su imperio. Pero el verdadero drama no es la crisis editorial, sino qui\u00e9n tiene el poder ahora. Emily Charlton, la antigua asistente que viv\u00eda a base de cubos de queso, ha regresado convertida en una poderosa ejecutiva. Los rumores sugieren que el destino de Miranda y su amada revista est\u00e1n en las manos de Emily. <\/p>\n\n\n\n<p>Bajo la direcci\u00f3n de David Frankel y el guion de la mente maestra Aline Brosh McKenna, la secuela nos llevar\u00e1 de las vertiginosas calles de Nueva York a los paisajes m\u00e1s exclusivos de Mil\u00e1n y el Lago de Como.<\/p>\n\n\n\n<h3 class=\"wp-block-heading\">Caos y glamour en la Ciudad de M\u00e9xico<\/h3>\n\n\n\n<p>La promoci\u00f3n ha sido de otro nivel. Las calles de la CDMX se paralizaron con la visita de <strong>Anne Hathaway y Meryl Streep<\/strong>. Las divas de Hollywood no perdieron el tiempo:<\/p>\n\n\n\n<ul class=\"wp-block-list\">\n<li><strong>Cultura y Estilo:<\/strong> Visitaron la Casa Azul de Frida Kahlo para una entrevista exclusiva con la reina de la radio, <strong>Martha Debayle<\/strong>.<\/li>\n\n\n\n<li><strong>Pasarela de Infarto:<\/strong> En el Museo Anahuacalli, 20 dise\u00f1adores mexicanos rindieron tributo a la cinta con un desfile de alta costura que dej\u00f3 a todos con la boca abierta.<\/li>\n<\/ul>\n\n\n\n<h3 class=\"wp-block-heading\">La guerra de las palomeras: \u00a1Corre por la tuya!<\/h3>\n\n\n\n<p>Si eres un verdadero fan, prep\u00e1rate para la batalla en las dulcer\u00edas. La fiebre por la memorabilia ha llegado al extremo. Mientras que en Estados Unidos los fans perdieron la cabeza por una palomera en forma de <strong>bolso rojo carmes\u00ed<\/strong>, en M\u00e9xico, <strong>Cin\u00e9polis<\/strong> ha lanzado un dise\u00f1o que ya es viral en TikTok: <strong>\u00a1un contenedor en forma de caja de zapatos de lujo!<\/strong> Es el accesorio que toda fashionista necesita para devorar palomitas mientras juzga los <em>outfits<\/em> en pantalla.<\/p>\n","protected":false},"excerpt":{"rendered":"<p>\u00bfCrees que el mundo de la moda no tiene que ver contigo? Entonces qu\u00e9date con tu su\u00e9ter cer\u00faleo, mientras Miranda Priestly regresa a los cines a partir del 30 de Abril con &#8220;El Diablo Viste A La Moda 2&#8221;, la secuela de El diablo viste a la moda, una cinta que marc\u00f3 a los 2000&#8217;s [&hellip;]<\/p>\n","protected":false},"author":24,"featured_media":26585,"comment_status":"open","ping_status":"open","sticky":false,"template":"","format":"standard","meta":{"footnotes":""},"categories":[3171,1],"tags":[],"class_list":{"0":"post-26584","1":"post","2":"type-post","3":"status-publish","4":"format-standard","5":"has-post-thumbnail","7":"category-cultura","8":"category-destacadas"},"_links":{"self":[{"href":"https:\/\/cronicadesoledad.com\/index.php\/wp-json\/wp\/v2\/posts\/26584","targetHints":{"allow":["GET"]}}],"collection":[{"href":"https:\/\/cronicadesoledad.com\/index.php\/wp-json\/wp\/v2\/posts"}],"about":[{"href":"https:\/\/cronicadesoledad.com\/index.php\/wp-json\/wp\/v2\/types\/post"}],"author":[{"embeddable":true,"href":"https:\/\/cronicadesoledad.com\/index.php\/wp-json\/wp\/v2\/users\/24"}],"replies":[{"embeddable":true,"href":"https:\/\/cronicadesoledad.com\/index.php\/wp-json\/wp\/v2\/comments?post=26584"}],"version-history":[{"count":1,"href":"https:\/\/cronicadesoledad.com\/index.php\/wp-json\/wp\/v2\/posts\/26584\/revisions"}],"predecessor-version":[{"id":26586,"href":"https:\/\/cronicadesoledad.com\/index.php\/wp-json\/wp\/v2\/posts\/26584\/revisions\/26586"}],"wp:featuredmedia":[{"embeddable":true,"href":"https:\/\/cronicadesoledad.com\/index.php\/wp-json\/wp\/v2\/media\/26585"}],"wp:attachment":[{"href":"https:\/\/cronicadesoledad.com\/index.php\/wp-json\/wp\/v2\/media?parent=26584"}],"wp:term":[{"taxonomy":"category","embeddable":true,"href":"https:\/\/cronicadesoledad.com\/index.php\/wp-json\/wp\/v2\/categories?post=26584"},{"taxonomy":"post_tag","embeddable":true,"href":"https:\/\/cronicadesoledad.com\/index.php\/wp-json\/wp\/v2\/tags?post=26584"}],"curies":[{"name":"wp","href":"https:\/\/api.w.org\/{rel}","templated":true}]}}