{"id":26587,"date":"2026-04-30T14:23:45","date_gmt":"2026-04-30T20:23:45","guid":{"rendered":"https:\/\/cronicadesoledad.com\/?p=26587"},"modified":"2026-04-30T14:23:45","modified_gmt":"2026-04-30T20:23:45","slug":"ya-tenemos-a-nuestros-jugadores-para-el-mundial","status":"publish","type":"post","link":"https:\/\/cronicadesoledad.com\/index.php\/2026\/04\/30\/ya-tenemos-a-nuestros-jugadores-para-el-mundial\/","title":{"rendered":"\u00a1Ya tenemos a nuestros jugadores para el mundial!"},"content":{"rendered":"\n<p>El reloj de arena comenz\u00f3 su cuenta regresiva y el aroma a Copa del Mundo ya se respira en cada rinc\u00f3n del pa\u00eds. Javier &#8220;Vasco&#8221; Aguirre, el estratega encargado de llevar las riendas del destino nacional, rompi\u00f3 el silencio este martes para destapar sus cartas. Con un d\u00eda de retraso que solo aument\u00f3 la tensi\u00f3n, el timonel present\u00f3 a los 12 guerreros de la Liga MX.<\/p>\n\n\n\n<p>Aunque la lista entregada por la Selecci\u00f3n Nacional cuenta con 20 nombres, Aguirre fue claro: solo 12 jugadores de este grupo son considerados para la lista definitiva. Los ocho restantes integrar\u00e1n una unidad de sparrings de \u00e9lite. Este grupo de apoyo no solo servir\u00e1 para elevar el nivel de los entrenamientos, sino que forman parte de un plan maestro de relevo generacional bajo la mirada de Rafa M\u00e1rquez, con la mira puesta ya en el 2030.<\/p>\n\n\n\n<p>La artiller\u00eda de la Liga MX para la justa mundialista queda integrada por los guardametas Ra\u00fal Rangel y Carlos Acevedo; en la l\u00ednea defensiva figuran Jes\u00fas Gallardo e Israel Reyes, mientras que el mediocampo ser\u00e1 controlado por Erik Lira, Brian Guti\u00e9rrez, Gilberto Mora, Luis Romo y Roberto Alvarado; finalmente, el ataque nacional recae en el talento de Armando Gonz\u00e1lez, Alexis Vega y la presencia f\u00edsica de Guillermo Mart\u00ednez.<\/p>\n\n\n\n<p>El reglamento de la FIFA dicta que el 1 de junio es la fecha l\u00edmite para entregar la n\u00f3mina de 26 gladiadores. Ser\u00e1 entonces cuando los &#8220;europeos&#8221; y los referentes que militan en el extranjero se unan al grupo para cerrar filas, apenas diez d\u00edas antes de que el bal\u00f3n ruede en la inauguraci\u00f3n el 11 de junio.<\/p>\n\n\n\n<p>Esta primera avanzada, conformada exclusivamente por talento del patio, marca el inicio de la batalla final. Los elegidos gozar\u00e1n de un breve respiro tras la intensidad del Clausura 2026 para despu\u00e9s reportar en el cuartel general: el Centro de Alto Rendimiento (CAR). La cita con el destino est\u00e1 pactada para el pr\u00f3ximo mi\u00e9rcoles 6 de mayo, donde el grupo comenzar\u00e1 a pulir los botines bajo las \u00f3rdenes de Aguirre.<\/p>\n","protected":false},"excerpt":{"rendered":"<p>El reloj de arena comenz\u00f3 su cuenta regresiva y el aroma a Copa del Mundo ya se respira en cada rinc\u00f3n del pa\u00eds. Javier &#8220;Vasco&#8221; Aguirre, el estratega encargado de llevar las riendas del destino nacional, rompi\u00f3 el silencio este martes para destapar sus cartas. Con un d\u00eda de retraso que solo aument\u00f3 la tensi\u00f3n, [&hellip;]<\/p>\n","protected":false},"author":24,"featured_media":26588,"comment_status":"open","ping_status":"open","sticky":false,"template":"","format":"standard","meta":{"footnotes":""},"categories":[20],"tags":[],"class_list":{"0":"post-26587","1":"post","2":"type-post","3":"status-publish","4":"format-standard","5":"has-post-thumbnail","7":"category-cronica-deportiva"},"_links":{"self":[{"href":"https:\/\/cronicadesoledad.com\/index.php\/wp-json\/wp\/v2\/posts\/26587","targetHints":{"allow":["GET"]}}],"collection":[{"href":"https:\/\/cronicadesoledad.com\/index.php\/wp-json\/wp\/v2\/posts"}],"about":[{"href":"https:\/\/cronicadesoledad.com\/index.php\/wp-json\/wp\/v2\/types\/post"}],"author":[{"embeddable":true,"href":"https:\/\/cronicadesoledad.com\/index.php\/wp-json\/wp\/v2\/users\/24"}],"replies":[{"embeddable":true,"href":"https:\/\/cronicadesoledad.com\/index.php\/wp-json\/wp\/v2\/comments?post=26587"}],"version-history":[{"count":1,"href":"https:\/\/cronicadesoledad.com\/index.php\/wp-json\/wp\/v2\/posts\/26587\/revisions"}],"predecessor-version":[{"id":26589,"href":"https:\/\/cronicadesoledad.com\/index.php\/wp-json\/wp\/v2\/posts\/26587\/revisions\/26589"}],"wp:featuredmedia":[{"embeddable":true,"href":"https:\/\/cronicadesoledad.com\/index.php\/wp-json\/wp\/v2\/media\/26588"}],"wp:attachment":[{"href":"https:\/\/cronicadesoledad.com\/index.php\/wp-json\/wp\/v2\/media?parent=26587"}],"wp:term":[{"taxonomy":"category","embeddable":true,"href":"https:\/\/cronicadesoledad.com\/index.php\/wp-json\/wp\/v2\/categories?post=26587"},{"taxonomy":"post_tag","embeddable":true,"href":"https:\/\/cronicadesoledad.com\/index.php\/wp-json\/wp\/v2\/tags?post=26587"}],"curies":[{"name":"wp","href":"https:\/\/api.w.org\/{rel}","templated":true}]}}