{"id":28324,"date":"2026-08-31T12:08:39","date_gmt":"2026-08-31T18:08:39","guid":{"rendered":"https:\/\/cronicadesoledad.com\/?p=28324"},"modified":"2026-08-31T12:11:58","modified_gmt":"2026-08-31T18:11:58","slug":"la-capacitacion-policial-es-necesaria-al-filo-de-la-navaja","status":"publish","type":"post","link":"https:\/\/cronicadesoledad.com\/index.php\/2026\/08\/31\/la-capacitacion-policial-es-necesaria-al-filo-de-la-navaja\/","title":{"rendered":"Cateos al sur: El Rapacejo"},"content":{"rendered":"\n<p class=\"wp-block-paragraph\"><strong>El Rapacejo<\/strong><\/p>\n\n\n\n<p class=\"wp-block-paragraph\"><strong>Por El Primo Feliciano<\/strong><\/p>\n\n\n\n<p class=\"wp-block-paragraph\">Los cateos realizados al sur del municipio, pr\u00e1cticamente en los l\u00edmites con Guanajuato, no son un episodio aislado ni una an\u00e9cdota policiaca m\u00e1s. Son, por el contrario, un golpe brutal a cualquier discurso oficial que pretenda vender la idea de que en el municipio todo marcha en orden. Tres inmuebles cateados. Tres puntos utilizados presuntamente como laboratorios para el procesamiento de droga. Once personas detenidas. Ese es el tama\u00f1o del operativo y tambi\u00e9n la dimensi\u00f3n del problema que durante demasiado tiempo se ha querido minimizar. Lo verdaderamente grave no termina en lo encontrado dentro de esos inmuebles. Lo preocupante es lo que revela sobre la capacidad de prevenci\u00f3n y reacci\u00f3n de la autoridad municipal. Mientras fuerzas de seguridad de otros niveles ingresaban a propiedades, localizaban instalaciones presuntamente destinadas al procesamiento de drogas y deten\u00edan a once personas, la autoridad municipal parec\u00eda completamente ajena a lo que ocurr\u00eda en su propio territorio. <\/p>\n\n\n\n<p class=\"wp-block-paragraph\">Y aqu\u00ed aparece nuevamente el problema de fondo: una corporaci\u00f3n municipal debilitada, con agentes que ni siquiera perciben un salario digno, dif\u00edcilmente puede convertirse en una barrera eficaz frente a organizaciones criminales que operan con recursos, log\u00edstica y capacidad de fuego muy superiores. No se puede exigir seguridad de primer nivel con polic\u00edas condenados a sobrevivir con sueldos raqu\u00edticos, sin las condiciones laborales, capacitaci\u00f3n, equipamiento y respaldo institucional necesarios. Pero mientras esa realidad permanece, la administraci\u00f3n municipal parece concentrada en otro espect\u00e1culo: mantener a la poblaci\u00f3n entretenida con bailongos callejeros, celebraciones y actividades que sirven para generar fotograf\u00edas, aplausos y una falsa sensaci\u00f3n de normalidad. La estrategia de mantener a una poblaci\u00f3n adormecida con fiesta mientras la inseguridad avanza resulta no solamente insuficiente, sino pol\u00edticamente irresponsable. Porque mientras en las calles se escucha m\u00fasica y se organizan eventos, en el extremo sur del municipio aparecen inmuebles utilizados presuntamente para procesar droga. La diferencia entre ambas escenas es brutal. De un lado, la fiesta como distractor. <\/p>\n\n\n\n<p class=\"wp-block-paragraph\">Del otro, la realidad de un territorio donde tres inmuebles terminaron convertidos en laboratorios y once personas fueron detenidas. Los hechos vuelven a colocar sobre la mesa una realidad inc\u00f3moda: la seguridad no se construye con discursos, propaganda ni bailongos. Se construye con polic\u00edas dignamente pagados, inteligencia, prevenci\u00f3n, coordinaci\u00f3n y presencia permanente en las comunidades. Lo ocurrido en el sur del municipio deja adem\u00e1s una se\u00f1al pol\u00edtica imposible de maquillar: mientras la autoridad municipal presume normalidad, la delincuencia organizada parece trabajar con mucha m\u00e1s seriedad y constancia. El municipio no puede seguir administrando la percepci\u00f3n mientras la realidad se deteriora. Tres cateos y once detenidos no son poca cosa. Son una fotograf\u00eda inc\u00f3moda de lo que ocurre cuando una autoridad decide mirar hacia otro lado mientras el problema crece.<\/p>\n\n\n\n<p class=\"wp-block-paragraph\">Sin pena ni gloria termin\u00f3 la FEREB, una feria que debi\u00f3 convertirse en escaparate para potencializar la imagen de este \u201cPueblo M\u00e1gico\u201d, pero que termin\u00f3 distingui\u00e9ndose por las broncas registradas durante sus actividades.<\/p>\n\n\n\n<p class=\"wp-block-paragraph\">Lo que deb\u00eda ser promoci\u00f3n, turismo y derrama econ\u00f3mica termin\u00f3 reducido a pleitos, desorden y una imagen poco alentadora para quienes visitaron el municipio. Una feria no se mide por el volumen de m\u00fasica ni por la cantidad de eventos, sino por la capacidad de proyectar lo mejor de un municipio. Y en esta edici\u00f3n, la organizaci\u00f3n qued\u00f3 opacada por los conflictos.<\/p>\n\n\n\n<p class=\"wp-block-paragraph\">El resultado fue una oportunidad desperdiciada. En lugar de fortalecer la marca tur\u00edstica del municipio, la FEREB termin\u00f3 dejando una postal inc\u00f3moda: mucha fiesta, pero poca proyecci\u00f3n y demasiadas broncas.<\/p>\n","protected":false},"excerpt":{"rendered":"<p>El Rapacejo Por El Primo Feliciano Los cateos realizados al sur del municipio, pr\u00e1cticamente en los l\u00edmites con Guanajuato, no son un episodio aislado ni una an\u00e9cdota policiaca m\u00e1s. Son, por el contrario, un golpe brutal a cualquier discurso oficial que pretenda vender la idea de que en el municipio todo marcha en orden. Tres [&hellip;]<\/p>\n","protected":false},"author":24,"featured_media":28151,"comment_status":"open","ping_status":"open","sticky":false,"template":"","format":"standard","meta":{"footnotes":""},"categories":[386],"tags":[],"class_list":["post-28324","post","type-post","status-publish","format-standard","has-post-thumbnail","category-opinion"],"_links":{"self":[{"href":"https:\/\/cronicadesoledad.com\/index.php\/wp-json\/wp\/v2\/posts\/28324","targetHints":{"allow":["GET"]}}],"collection":[{"href":"https:\/\/cronicadesoledad.com\/index.php\/wp-json\/wp\/v2\/posts"}],"about":[{"href":"https:\/\/cronicadesoledad.com\/index.php\/wp-json\/wp\/v2\/types\/post"}],"author":[{"embeddable":true,"href":"https:\/\/cronicadesoledad.com\/index.php\/wp-json\/wp\/v2\/users\/24"}],"replies":[{"embeddable":true,"href":"https:\/\/cronicadesoledad.com\/index.php\/wp-json\/wp\/v2\/comments?post=28324"}],"version-history":[{"count":2,"href":"https:\/\/cronicadesoledad.com\/index.php\/wp-json\/wp\/v2\/posts\/28324\/revisions"}],"predecessor-version":[{"id":28328,"href":"https:\/\/cronicadesoledad.com\/index.php\/wp-json\/wp\/v2\/posts\/28324\/revisions\/28328"}],"wp:featuredmedia":[{"embeddable":true,"href":"https:\/\/cronicadesoledad.com\/index.php\/wp-json\/wp\/v2\/media\/28151"}],"wp:attachment":[{"href":"https:\/\/cronicadesoledad.com\/index.php\/wp-json\/wp\/v2\/media?parent=28324"}],"wp:term":[{"taxonomy":"category","embeddable":true,"href":"https:\/\/cronicadesoledad.com\/index.php\/wp-json\/wp\/v2\/categories?post=28324"},{"taxonomy":"post_tag","embeddable":true,"href":"https:\/\/cronicadesoledad.com\/index.php\/wp-json\/wp\/v2\/tags?post=28324"}],"curies":[{"name":"wp","href":"https:\/\/api.w.org\/{rel}","templated":true}]}}