{"id":28329,"date":"2026-08-31T12:14:23","date_gmt":"2026-08-31T18:14:23","guid":{"rendered":"https:\/\/cronicadesoledad.com\/?p=28329"},"modified":"2026-08-31T12:14:23","modified_gmt":"2026-08-31T18:14:23","slug":"promesas-de-turismo-inversion-promocion-las-piedras-del-jofre","status":"publish","type":"post","link":"https:\/\/cronicadesoledad.com\/index.php\/2026\/08\/31\/promesas-de-turismo-inversion-promocion-las-piedras-del-jofre\/","title":{"rendered":"Promesas de turismo, inversi\u00f3n, promoci\u00f3n: Las Piedras del Jofre"},"content":{"rendered":"\n<p class=\"wp-block-paragraph\">Las Piedras del Jofre<\/p>\n\n\n\n<p class=\"wp-block-paragraph\">Por El Jofrito<\/p>\n\n\n\n<p class=\"wp-block-paragraph\">Si otra cosa no sucede, ma\u00f1ana arrancar\u00e1 la FERETI 2026, la Feria Regional de Tierra Nueva, presentada como la m\u00e1xima festividad de este municipio y ligada a las fiestas patronales en honor a San Nicol\u00e1s Tolentino.<\/p>\n\n\n\n<p class=\"wp-block-paragraph\">Y s\u00ed, habr\u00e1 m\u00fasica, puestos, luces y celebraci\u00f3n. Pero detr\u00e1s del ruido permanece una realidad mucho menos festiva: Tierra Nueva sigue sin aprovechar realmente la distinci\u00f3n de \u201cPueblo M\u00e1gico\u201d. El nombramiento lleg\u00f3 con promesas de turismo, inversi\u00f3n, promoci\u00f3n y desarrollo. Sin embargo, con el paso del tiempo, pareciera que la etiqueta se qued\u00f3 en el papel y el municipio contin\u00faa sin consolidar una oferta tur\u00edstica capaz de convertir ese reconocimiento en beneficios visibles para sus habitantes. La FERETI deber\u00eda ser el gran escaparate de Tierra Nueva, el momento para presumir su historia, gastronom\u00eda, artesan\u00edas, tradiciones y atractivos. <\/p>\n\n\n\n<p class=\"wp-block-paragraph\">Pero si la feria termina reducida a una cartelera de espect\u00e1culos y puestos comerciales, se habr\u00e1 desperdiciado nuevamente la oportunidad. Porque organizar una fiesta es sencillo; construir un destino tur\u00edstico requiere visi\u00f3n. Tierra Nueva no necesita solamente una feria ruidosa. Necesita que su condici\u00f3n de Pueblo M\u00e1gico deje de ser un t\u00edtulo decorativo y comience a traducirse en turismo, inversi\u00f3n, empleos y mejores oportunidades. Ma\u00f1ana comienza la fiesta. Ojal\u00e1 que, esta vez, tambi\u00e9n comience algo m\u00e1s.<\/p>\n\n\n\n<p class=\"wp-block-paragraph\">Hay personajes que, con el paso del tiempo, terminan convertidos en una especie de referencia involuntaria. No porque hayan sido perfectos, mucho menos porque de pronto desaparezcan los cuestionamientos sobre su desempe\u00f1o, sino porque quienes los sustituyen consiguen que hasta sus detractores comiencen a extra\u00f1arlos. Ese parece ser el curioso caso del padre Rub\u00e9n. Durante su paso por la organizaci\u00f3n de las festividades de Tierra Nueva no fueron pocos los se\u00f1alamientos que recibi\u00f3. Se le criticaron decisiones, desatinos y, particularmente, ese insistente af\u00e1n que muchos le atribuyeron de encontrarle al dinero una explicaci\u00f3n pr\u00e1cticamente para todo. Su figura gener\u00f3 pol\u00e9mica y tampoco estuvo exenta de cr\u00edticas. <\/p>\n\n\n\n<p class=\"wp-block-paragraph\">Pero hay algo que, incluso quienes no simpatizaban con \u00e9l, dif\u00edcilmente pueden negar: sab\u00eda organizar la feria. Y ah\u00ed est\u00e1 la iron\u00eda. Hoy, cuando las autoridades municipales tienen en sus manos la organizaci\u00f3n de la FERETI, empiezan a escucharse voces que recuerdan aquellos a\u00f1os y aseguran que las fiestas estaban mejor organizadas cuando el padre Rub\u00e9n llevaba las riendas. La memoria pol\u00edtica y social suele ser caprichosa. Aquel personaje que ayer provocaba molestia, hoy aparece en las conversaciones como alguien que, al menos en materia de organizaci\u00f3n, ten\u00eda oficio. No se trata de borrar sus errores ni de convertirlo retrospectivamente en un ejemplo de administraci\u00f3n. Ser\u00eda absurdo. Los cuestionamientos que existieron siguen formando parte de la historia y no desaparecen porque ahora haya nostalgia. <\/p>\n\n\n\n<p class=\"wp-block-paragraph\">Pero tampoco se puede negar la comparaci\u00f3n. Una feria es mucho m\u00e1s que contratar grupos musicales, colocar escenarios y repartir espacios. Requiere log\u00edstica, coordinaci\u00f3n, seguridad, promoci\u00f3n, orden y, sobre todo, capacidad para conseguir que una celebraci\u00f3n represente dignamente al municipio. Y precisamente ah\u00ed parece estar el problema actual. Tierra Nueva tiene la distinci\u00f3n de Pueblo M\u00e1gico, pero todav\u00eda no consigue explotar todo el potencial que deber\u00eda representar. La feria tendr\u00eda que ser uno de los principales escaparates para atraer visitantes, generar derrama econ\u00f3mica y presumir las tradiciones del municipio. En cambio, si la organizaci\u00f3n deja m\u00e1s dudas que certezas, la comparaci\u00f3n con el pasado resulta inevitable.<\/p>\n","protected":false},"excerpt":{"rendered":"<p>Las Piedras del Jofre Por El Jofrito Si otra cosa no sucede, ma\u00f1ana arrancar\u00e1 la FERETI 2026, la Feria Regional de Tierra Nueva, presentada como la m\u00e1xima festividad de este municipio y ligada a las fiestas patronales en honor a San Nicol\u00e1s Tolentino. Y s\u00ed, habr\u00e1 m\u00fasica, puestos, luces y celebraci\u00f3n. Pero detr\u00e1s del ruido [&hellip;]<\/p>\n","protected":false},"author":24,"featured_media":28154,"comment_status":"open","ping_status":"open","sticky":false,"template":"","format":"standard","meta":{"footnotes":""},"categories":[386],"tags":[],"class_list":["post-28329","post","type-post","status-publish","format-standard","has-post-thumbnail","category-opinion"],"_links":{"self":[{"href":"https:\/\/cronicadesoledad.com\/index.php\/wp-json\/wp\/v2\/posts\/28329","targetHints":{"allow":["GET"]}}],"collection":[{"href":"https:\/\/cronicadesoledad.com\/index.php\/wp-json\/wp\/v2\/posts"}],"about":[{"href":"https:\/\/cronicadesoledad.com\/index.php\/wp-json\/wp\/v2\/types\/post"}],"author":[{"embeddable":true,"href":"https:\/\/cronicadesoledad.com\/index.php\/wp-json\/wp\/v2\/users\/24"}],"replies":[{"embeddable":true,"href":"https:\/\/cronicadesoledad.com\/index.php\/wp-json\/wp\/v2\/comments?post=28329"}],"version-history":[{"count":1,"href":"https:\/\/cronicadesoledad.com\/index.php\/wp-json\/wp\/v2\/posts\/28329\/revisions"}],"predecessor-version":[{"id":28330,"href":"https:\/\/cronicadesoledad.com\/index.php\/wp-json\/wp\/v2\/posts\/28329\/revisions\/28330"}],"wp:featuredmedia":[{"embeddable":true,"href":"https:\/\/cronicadesoledad.com\/index.php\/wp-json\/wp\/v2\/media\/28154"}],"wp:attachment":[{"href":"https:\/\/cronicadesoledad.com\/index.php\/wp-json\/wp\/v2\/media?parent=28329"}],"wp:term":[{"taxonomy":"category","embeddable":true,"href":"https:\/\/cronicadesoledad.com\/index.php\/wp-json\/wp\/v2\/categories?post=28329"},{"taxonomy":"post_tag","embeddable":true,"href":"https:\/\/cronicadesoledad.com\/index.php\/wp-json\/wp\/v2\/tags?post=28329"}],"curies":[{"name":"wp","href":"https:\/\/api.w.org\/{rel}","templated":true}]}}