{"id":28343,"date":"2026-08-31T12:38:45","date_gmt":"2026-08-31T18:38:45","guid":{"rendered":"https:\/\/cronicadesoledad.com\/?p=28343"},"modified":"2026-08-31T12:38:45","modified_gmt":"2026-08-31T18:38:45","slug":"disminucion-de-infantes-en-slp","status":"publish","type":"post","link":"https:\/\/cronicadesoledad.com\/index.php\/2026\/08\/31\/disminucion-de-infantes-en-slp\/","title":{"rendered":"Disminuci\u00f3n de infantes en SLP"},"content":{"rendered":"\n<p class=\"wp-block-paragraph\">La matr\u00edcula de educaci\u00f3n b\u00e1sica en San Luis Potos\u00ed registra una disminuci\u00f3n relacionada principalmente con el decremento de la poblaci\u00f3n infantil y el tama\u00f1o cada vez menor de las familias, inform\u00f3 la secretaria de Educaci\u00f3n, Deysi Maribel L\u00f3pez Sierra.<\/p>\n\n\n\n<p class=\"wp-block-paragraph\">La funcionaria explic\u00f3 que la reducci\u00f3n en el n\u00famero de estudiantes no responde necesariamente a un incremento del ausentismo escolar, sino a un cambio demogr\u00e1fico que ha provocado que cada a\u00f1o ingresen menos ni\u00f1os a los planteles de educaci\u00f3n b\u00e1sica.<\/p>\n\n\n\n<p class=\"wp-block-paragraph\">L\u00f3pez Sierra se\u00f1al\u00f3 que mientras d\u00e9cadas atr\u00e1s era com\u00fan encontrar familias con siete u ocho hijos, actualmente predominan hogares con uno o dos menores, fen\u00f3meno que comienza a reflejarse directamente en la demanda educativa del estado.<\/p>\n\n\n\n<p class=\"wp-block-paragraph\">Para el nuevo ciclo escolar, San Luis Potos\u00ed registra m\u00e1s de 744 mil estudiantes en todos los niveles educativos, de los cuales m\u00e1s de 500 mil corresponden a educaci\u00f3n b\u00e1sica.<\/p>\n\n\n\n<p class=\"wp-block-paragraph\">La reducci\u00f3n de la poblaci\u00f3n escolar tambi\u00e9n ha generado presi\u00f3n sobre algunos turnos vespertinos, particularmente en planteles con menor demanda. Sin embargo, la secretaria asegur\u00f3 que hasta ahora no se ha cerrado ninguna escuela por esta situaci\u00f3n.<\/p>\n\n\n\n<p class=\"wp-block-paragraph\">L\u00f3pez Sierra sostuvo que el objetivo ser\u00e1 adaptar la infraestructura educativa a la nueva realidad demogr\u00e1fica sin reducir el acceso a la educaci\u00f3n en las comunidades donde la cantidad de estudiantes ha comenzado a disminuir.<\/p>\n","protected":false},"excerpt":{"rendered":"<p>La matr\u00edcula de educaci\u00f3n b\u00e1sica en San Luis Potos\u00ed registra una disminuci\u00f3n relacionada principalmente con el decremento de la poblaci\u00f3n infantil y el tama\u00f1o cada vez menor de las familias, inform\u00f3 la secretaria de Educaci\u00f3n, Deysi Maribel L\u00f3pez Sierra. La funcionaria explic\u00f3 que la reducci\u00f3n en el n\u00famero de estudiantes no responde necesariamente a un [&hellip;]<\/p>\n","protected":false},"author":24,"featured_media":28344,"comment_status":"open","ping_status":"open","sticky":false,"template":"","format":"standard","meta":{"footnotes":""},"categories":[1,3163],"tags":[],"class_list":["post-28343","post","type-post","status-publish","format-standard","has-post-thumbnail","category-destacadas","category-san-luis-potosi"],"_links":{"self":[{"href":"https:\/\/cronicadesoledad.com\/index.php\/wp-json\/wp\/v2\/posts\/28343","targetHints":{"allow":["GET"]}}],"collection":[{"href":"https:\/\/cronicadesoledad.com\/index.php\/wp-json\/wp\/v2\/posts"}],"about":[{"href":"https:\/\/cronicadesoledad.com\/index.php\/wp-json\/wp\/v2\/types\/post"}],"author":[{"embeddable":true,"href":"https:\/\/cronicadesoledad.com\/index.php\/wp-json\/wp\/v2\/users\/24"}],"replies":[{"embeddable":true,"href":"https:\/\/cronicadesoledad.com\/index.php\/wp-json\/wp\/v2\/comments?post=28343"}],"version-history":[{"count":1,"href":"https:\/\/cronicadesoledad.com\/index.php\/wp-json\/wp\/v2\/posts\/28343\/revisions"}],"predecessor-version":[{"id":28345,"href":"https:\/\/cronicadesoledad.com\/index.php\/wp-json\/wp\/v2\/posts\/28343\/revisions\/28345"}],"wp:featuredmedia":[{"embeddable":true,"href":"https:\/\/cronicadesoledad.com\/index.php\/wp-json\/wp\/v2\/media\/28344"}],"wp:attachment":[{"href":"https:\/\/cronicadesoledad.com\/index.php\/wp-json\/wp\/v2\/media?parent=28343"}],"wp:term":[{"taxonomy":"category","embeddable":true,"href":"https:\/\/cronicadesoledad.com\/index.php\/wp-json\/wp\/v2\/categories?post=28343"},{"taxonomy":"post_tag","embeddable":true,"href":"https:\/\/cronicadesoledad.com\/index.php\/wp-json\/wp\/v2\/tags?post=28343"}],"curies":[{"name":"wp","href":"https:\/\/api.w.org\/{rel}","templated":true}]}}