{"id":28348,"date":"2026-08-31T13:38:17","date_gmt":"2026-08-31T19:38:17","guid":{"rendered":"https:\/\/cronicadesoledad.com\/?p=28348"},"modified":"2026-08-31T13:38:18","modified_gmt":"2026-08-31T19:38:18","slug":"balacean-casa-de-la-subdirectora-de-la-policia-municipal","status":"publish","type":"post","link":"https:\/\/cronicadesoledad.com\/index.php\/2026\/08\/31\/balacean-casa-de-la-subdirectora-de-la-policia-municipal\/","title":{"rendered":"Balacean casa de la subdirectora de la polic\u00eda municipal"},"content":{"rendered":"\n<p class=\"wp-block-paragraph\">La subdirectora operativa de la Polic\u00eda Municipal de San Luis Potos\u00ed sufri\u00f3 un atentado durante las primeras horas de este lunes, luego de que su domicilio fuera atacado con disparos de arma de fuego mientras ella se encontraba en el interior, confirm\u00f3 el secretario de Seguridad y Protecci\u00f3n Ciudadana de la capital, Juan Antonio de Jes\u00fas Villa Guti\u00e9rrez.<\/p>\n\n\n\n<p class=\"wp-block-paragraph\">El comandante inform\u00f3 que el ataque ocurri\u00f3 cerca del amanecer y que se registraron varios impactos de bala contra la vivienda de la mando municipal.&nbsp;Se\u00f1al\u00f3 que la subdirectora ha participado directamente en diferentes operativos realizados recientemente por la corporaci\u00f3n, entre ellos acciones contra el narcomenudeo y la detenci\u00f3n de objetivos relacionados con robos cometidos en el Centro Hist\u00f3rico.<\/p>\n\n\n\n<p class=\"wp-block-paragraph\">Sin embargo, Villa Guti\u00e9rrez aclar\u00f3 que hasta ahora no existen elementos suficientes para establecer que el atentado est\u00e9 relacionado con estos operativos. Reconoci\u00f3 que ser\u00eda prematuro definir una l\u00ednea de investigaci\u00f3n debido a que los hechos acababan de ocurrir y las autoridades todav\u00eda se encontraban recopilando informaci\u00f3n.<\/p>\n\n\n\n<p class=\"wp-block-paragraph\">El funcionario indic\u00f3 adem\u00e1s que la subdirectora no hab\u00eda reportado amenazas previas, aunque explic\u00f3 que los mandos de la corporaci\u00f3n permanec\u00edan atentos ante posibles riesgos derivados de los recientes decomisos de droga y otras acciones operativas.<\/p>\n\n\n\n<p class=\"wp-block-paragraph\">Tras el ataque, elementos municipales actuaron como primeros respondientes y resguardaron el domicilio para preservar la escena. Posteriormente se dio intervenci\u00f3n a la Fiscal\u00eda General del Estado, que qued\u00f3 a cargo de las investigaciones para esclarecer la agresi\u00f3n y determinar qui\u00e9nes participaron y cu\u00e1l fue el m\u00f3vil.<\/p>\n\n\n\n<p class=\"wp-block-paragraph\">La Secretar\u00eda de Seguridad y Protecci\u00f3n Ciudadana (SSPC) de la Capital informa que durante la madrugada de este lunes, se registraron detonaciones de arma de fuego en el domicilio de una integrante de la Polic\u00eda Municipal. Derivado del hecho, no se reportan personas lesionadas y, tras el reporte, se activaron los protocolos de atenci\u00f3n y seguridad correspondientes.<\/p>\n\n\n\n<p class=\"wp-block-paragraph\">Estos hechos se registran en un contexto de intensificaci\u00f3n de las acciones operativas de la Polic\u00eda Municipal, que en fechas recientes ha concretado acciones en contra del narcomenudeo, adem\u00e1s de la detenci\u00f3n de m\u00e1s de 14 personas relacionadas a delitos patrimoniales.<\/p>\n\n\n\n<p class=\"wp-block-paragraph\">La Polic\u00eda Capitalina informa que brindar\u00e1 todo el respaldo institucional a la oficial, adem\u00e1s de colaborar con las autoridades investigadoras para esclarecer los hechos, determinar las circunstancias en que ocurrieron y establecer, en su caso, las responsabilidades correspondientes.<\/p>\n\n\n\n<p class=\"wp-block-paragraph\">El alcalde Enrique Galindo Ceballos se\u00f1al\u00f3 que, de manera preliminar, el atentado contra una subdirectora operativa de la Polic\u00eda Municipal podr\u00eda estar relacionado con los resultados obtenidos por la corporaci\u00f3n en operativos recientes, especialmente en la zona de Abastos.<\/p>\n\n\n\n<p class=\"wp-block-paragraph\">El edil inform\u00f3 que la mando policial ha participado en acciones que han dejado m\u00e1s de 15 detenciones y aseguramientos de droga, aunque aclar\u00f3 que la investigaci\u00f3n ya se encuentra en manos de la Fiscal\u00eda General del Estado y que todav\u00eda no existe una l\u00ednea definitiva sobre el m\u00f3vil de la agresi\u00f3n.<\/p>\n\n\n\n<p class=\"wp-block-paragraph\">Galindo confirm\u00f3 que la funcionaria y su familia resultaron ilesos y asegur\u00f3 que recibir\u00e1n protecci\u00f3n adicional. A\u00f1adi\u00f3 que el municipio mantiene coordinaci\u00f3n con autoridades federales para tratar de ubicar a los responsables.<\/p>\n\n\n\n<p class=\"wp-block-paragraph\">Tambi\u00e9n descart\u00f3 que el ataque vaya a modificar su esquema personal de seguridad o el del secretario de Seguridad capitalino, Juan Antonio de Jes\u00fas Villa Guti\u00e9rrez.<\/p>\n","protected":false},"excerpt":{"rendered":"<p>La subdirectora operativa de la Polic\u00eda Municipal de San Luis Potos\u00ed sufri\u00f3 un atentado durante las primeras horas de este lunes, luego de que su domicilio fuera atacado con disparos de arma de fuego mientras ella se encontraba en el interior, confirm\u00f3 el secretario de Seguridad y Protecci\u00f3n Ciudadana de la capital, Juan Antonio de [&hellip;]<\/p>\n","protected":false},"author":24,"featured_media":28349,"comment_status":"open","ping_status":"open","sticky":false,"template":"","format":"standard","meta":{"footnotes":""},"categories":[1,3163],"tags":[],"class_list":["post-28348","post","type-post","status-publish","format-standard","has-post-thumbnail","category-destacadas","category-san-luis-potosi"],"_links":{"self":[{"href":"https:\/\/cronicadesoledad.com\/index.php\/wp-json\/wp\/v2\/posts\/28348","targetHints":{"allow":["GET"]}}],"collection":[{"href":"https:\/\/cronicadesoledad.com\/index.php\/wp-json\/wp\/v2\/posts"}],"about":[{"href":"https:\/\/cronicadesoledad.com\/index.php\/wp-json\/wp\/v2\/types\/post"}],"author":[{"embeddable":true,"href":"https:\/\/cronicadesoledad.com\/index.php\/wp-json\/wp\/v2\/users\/24"}],"replies":[{"embeddable":true,"href":"https:\/\/cronicadesoledad.com\/index.php\/wp-json\/wp\/v2\/comments?post=28348"}],"version-history":[{"count":1,"href":"https:\/\/cronicadesoledad.com\/index.php\/wp-json\/wp\/v2\/posts\/28348\/revisions"}],"predecessor-version":[{"id":28350,"href":"https:\/\/cronicadesoledad.com\/index.php\/wp-json\/wp\/v2\/posts\/28348\/revisions\/28350"}],"wp:featuredmedia":[{"embeddable":true,"href":"https:\/\/cronicadesoledad.com\/index.php\/wp-json\/wp\/v2\/media\/28349"}],"wp:attachment":[{"href":"https:\/\/cronicadesoledad.com\/index.php\/wp-json\/wp\/v2\/media?parent=28348"}],"wp:term":[{"taxonomy":"category","embeddable":true,"href":"https:\/\/cronicadesoledad.com\/index.php\/wp-json\/wp\/v2\/categories?post=28348"},{"taxonomy":"post_tag","embeddable":true,"href":"https:\/\/cronicadesoledad.com\/index.php\/wp-json\/wp\/v2\/tags?post=28348"}],"curies":[{"name":"wp","href":"https:\/\/api.w.org\/{rel}","templated":true}]}}