{"id":28357,"date":"2026-09-01T11:46:46","date_gmt":"2026-09-01T17:46:46","guid":{"rendered":"https:\/\/cronicadesoledad.com\/?p=28357"},"modified":"2026-09-01T11:56:10","modified_gmt":"2026-09-01T17:56:10","slug":"coche-bomba-en-zacatecas","status":"publish","type":"post","link":"https:\/\/cronicadesoledad.com\/index.php\/2026\/09\/01\/coche-bomba-en-zacatecas\/","title":{"rendered":"\u00a1Coche bomba en Zacatecas!"},"content":{"rendered":"\n<p class=\"wp-block-paragraph\">hombre a\u00fan no identificado estacion\u00f3 un autom\u00f3vil cargado con explosivos frente a la comandancia de la Direcci\u00f3n de Seguridad P\u00fablica Municipal (DSPM) en Zacatecas, alrededor de las 19:30 horas del domingo 30 de agosto. El sujeto huy\u00f3 a pie y, minutos despu\u00e9s, el mecanismo deton\u00f3 cuando una agente se acerc\u00f3 a inspeccionar la unidad, lo que dej\u00f3 11 personas heridas.<\/p>\n\n\n\n<p class=\"wp-block-paragraph\">De acuerdo con la Secretar\u00eda General de Gobierno (SGG), el autom\u00f3vil ten\u00eda reporte de robo en Jalisco desde abril. La onda expansiva ocasion\u00f3 da\u00f1os en 36 inmuebles, 17 de ellos ubicados cerca de la comandancia, adem\u00e1s de afectar 11 veh\u00edculos.<\/p>\n\n\n\n<p class=\"wp-block-paragraph\">Las personas lesionadas recibieron atenci\u00f3n m\u00e9dica. Diez fueron reportadas fuera de peligro, mientras que una permanec\u00eda hospitalizada en condici\u00f3n grave en el Instituto de Seguridad y Servicios Sociales de los Trabajadores del Estado (ISSSTE).<\/p>\n\n\n\n<p class=\"wp-block-paragraph\">La Fiscal\u00eda General de Justicia del Estado de Zacatecas (FGJEZ) abri\u00f3 una investigaci\u00f3n para esclarecer el atentado e identificar a los responsables. El fiscal Cristian Paul Camacho relacion\u00f3 las agresiones recientes contra las corporaciones de seguridad con el C\u00e1rtel Jalisco Nueva Generaci\u00f3n (CJNG).<\/p>\n\n\n\n<p class=\"wp-block-paragraph\"><strong><em>Las \u00faltimas agresiones que se han dado en contra de las corporaciones son de este grupo delictivo, C\u00e1rtel Jalisco Nueva Generaci\u00f3n<\/em><\/strong>, declar\u00f3 el funcionario.<\/p>\n\n\n\n<p class=\"wp-block-paragraph\">Sin embargo, la responsabilidad directa de la organizaci\u00f3n en esta explosi\u00f3n contin\u00faa bajo investigaci\u00f3n.<\/p>\n\n\n\n<p class=\"wp-block-paragraph\">Las autoridades consideran que el atentado pudo ser una reacci\u00f3n del crimen organizado ante las detenciones y los operativos efectuados en la zona lim\u00edtrofe entre Zacatecas y Aguascalientes.<\/p>\n\n\n\n<p class=\"wp-block-paragraph\">Despu\u00e9s de la explosi\u00f3n, el Ej\u00e9rcito Mexicano, la Guardia Nacional (GN), la Secretar\u00eda de Seguridad P\u00fablica (SSP) y la FGJEZ desplegaron un operativo coordinado en Ojocaliente.<\/p>\n","protected":false},"excerpt":{"rendered":"<p>hombre a\u00fan no identificado estacion\u00f3 un autom\u00f3vil cargado con explosivos frente a la comandancia de la Direcci\u00f3n de Seguridad P\u00fablica Municipal (DSPM) en Zacatecas, alrededor de las 19:30 horas del domingo 30 de agosto. El sujeto huy\u00f3 a pie y, minutos despu\u00e9s, el mecanismo deton\u00f3 cuando una agente se acerc\u00f3 a inspeccionar la unidad, lo [&hellip;]<\/p>\n","protected":false},"author":24,"featured_media":28358,"comment_status":"open","ping_status":"open","sticky":false,"template":"","format":"standard","meta":{"footnotes":""},"categories":[1,24],"tags":[],"class_list":["post-28357","post","type-post","status-publish","format-standard","has-post-thumbnail","category-destacadas","category-informacion-general"],"_links":{"self":[{"href":"https:\/\/cronicadesoledad.com\/index.php\/wp-json\/wp\/v2\/posts\/28357","targetHints":{"allow":["GET"]}}],"collection":[{"href":"https:\/\/cronicadesoledad.com\/index.php\/wp-json\/wp\/v2\/posts"}],"about":[{"href":"https:\/\/cronicadesoledad.com\/index.php\/wp-json\/wp\/v2\/types\/post"}],"author":[{"embeddable":true,"href":"https:\/\/cronicadesoledad.com\/index.php\/wp-json\/wp\/v2\/users\/24"}],"replies":[{"embeddable":true,"href":"https:\/\/cronicadesoledad.com\/index.php\/wp-json\/wp\/v2\/comments?post=28357"}],"version-history":[{"count":1,"href":"https:\/\/cronicadesoledad.com\/index.php\/wp-json\/wp\/v2\/posts\/28357\/revisions"}],"predecessor-version":[{"id":28359,"href":"https:\/\/cronicadesoledad.com\/index.php\/wp-json\/wp\/v2\/posts\/28357\/revisions\/28359"}],"wp:featuredmedia":[{"embeddable":true,"href":"https:\/\/cronicadesoledad.com\/index.php\/wp-json\/wp\/v2\/media\/28358"}],"wp:attachment":[{"href":"https:\/\/cronicadesoledad.com\/index.php\/wp-json\/wp\/v2\/media?parent=28357"}],"wp:term":[{"taxonomy":"category","embeddable":true,"href":"https:\/\/cronicadesoledad.com\/index.php\/wp-json\/wp\/v2\/categories?post=28357"},{"taxonomy":"post_tag","embeddable":true,"href":"https:\/\/cronicadesoledad.com\/index.php\/wp-json\/wp\/v2\/tags?post=28357"}],"curies":[{"name":"wp","href":"https:\/\/api.w.org\/{rel}","templated":true}]}}