{"id":28363,"date":"2026-09-01T11:58:42","date_gmt":"2026-09-01T17:58:42","guid":{"rendered":"https:\/\/cronicadesoledad.com\/?p=28363"},"modified":"2026-09-01T11:58:42","modified_gmt":"2026-09-01T17:58:42","slug":"exito-para-la-feria-del-queso-de-pozos","status":"publish","type":"post","link":"https:\/\/cronicadesoledad.com\/index.php\/2026\/09\/01\/exito-para-la-feria-del-queso-de-pozos\/","title":{"rendered":"\u00a1\u00c9xito para la Feria del Queso de Pozos!"},"content":{"rendered":"\n<p class=\"wp-block-paragraph\">Con productos agotados y un gran ambiente, el Gobierno Municipal de Villa de Pozos concluy\u00f3 con \u00e9xito la primera edici\u00f3n de la Feria del Queso, en la que se cont\u00f3 con la participaci\u00f3n de productores locales y artesanales.<\/p>\n\n\n\n<p class=\"wp-block-paragraph\">Con la presencia de la presidenta concejal, Paty Aradillas Aradillas se realiz\u00f3 el evento de clausura, en el que se agradeci\u00f3 la participaci\u00f3n de las y los productores, entre ellos L\u00e1cteos Fraga, Quesos Lupita y Quesos Tanque Guerrero, a quienes tambi\u00e9n se les entreg\u00f3 un reconocimiento por su ardua labor en la preparaci\u00f3n y elaboraci\u00f3n de quesos y otros productos derivados de la leche.<\/p>\n\n\n\n<p class=\"wp-block-paragraph\">La directora de Desarrollo Ec\u00f3nimo, Erika del Roc\u00edo Ortiz L\u00f3pez, record\u00f3 que la feria estuvo presente en la Plaza Principal de Villa de Pozos, del 28 al 30 de agosto pasado, y en donde se registr\u00f3 la venta total de los productos en sus distintas presentaciones, como queso Oaxaca, queso a\u00f1ejo, queso panela, entre otros.<\/p>\n\n\n\n<p class=\"wp-block-paragraph\">Por \u00faltimo, reiter\u00f3 que la Feria del Queso se realiz\u00f3 con el objetivo de impulsar a productores locales al brindarles un espacio para exhibir y comercializar su productor, adem\u00e1s de generar oportunidades para contribuir al desarrollo econ\u00f3mico del municipio, por lo que ya se preparan para una segunda edici\u00f3n.<\/p>\n","protected":false},"excerpt":{"rendered":"<p>Con productos agotados y un gran ambiente, el Gobierno Municipal de Villa de Pozos concluy\u00f3 con \u00e9xito la primera edici\u00f3n de la Feria del Queso, en la que se cont\u00f3 con la participaci\u00f3n de productores locales y artesanales. Con la presencia de la presidenta concejal, Paty Aradillas Aradillas se realiz\u00f3 el evento de clausura, en [&hellip;]<\/p>\n","protected":false},"author":24,"featured_media":28364,"comment_status":"open","ping_status":"open","sticky":false,"template":"","format":"standard","meta":{"footnotes":""},"categories":[1,3175],"tags":[],"class_list":["post-28363","post","type-post","status-publish","format-standard","has-post-thumbnail","category-destacadas","category-pozos"],"_links":{"self":[{"href":"https:\/\/cronicadesoledad.com\/index.php\/wp-json\/wp\/v2\/posts\/28363","targetHints":{"allow":["GET"]}}],"collection":[{"href":"https:\/\/cronicadesoledad.com\/index.php\/wp-json\/wp\/v2\/posts"}],"about":[{"href":"https:\/\/cronicadesoledad.com\/index.php\/wp-json\/wp\/v2\/types\/post"}],"author":[{"embeddable":true,"href":"https:\/\/cronicadesoledad.com\/index.php\/wp-json\/wp\/v2\/users\/24"}],"replies":[{"embeddable":true,"href":"https:\/\/cronicadesoledad.com\/index.php\/wp-json\/wp\/v2\/comments?post=28363"}],"version-history":[{"count":1,"href":"https:\/\/cronicadesoledad.com\/index.php\/wp-json\/wp\/v2\/posts\/28363\/revisions"}],"predecessor-version":[{"id":28365,"href":"https:\/\/cronicadesoledad.com\/index.php\/wp-json\/wp\/v2\/posts\/28363\/revisions\/28365"}],"wp:featuredmedia":[{"embeddable":true,"href":"https:\/\/cronicadesoledad.com\/index.php\/wp-json\/wp\/v2\/media\/28364"}],"wp:attachment":[{"href":"https:\/\/cronicadesoledad.com\/index.php\/wp-json\/wp\/v2\/media?parent=28363"}],"wp:term":[{"taxonomy":"category","embeddable":true,"href":"https:\/\/cronicadesoledad.com\/index.php\/wp-json\/wp\/v2\/categories?post=28363"},{"taxonomy":"post_tag","embeddable":true,"href":"https:\/\/cronicadesoledad.com\/index.php\/wp-json\/wp\/v2\/tags?post=28363"}],"curies":[{"name":"wp","href":"https:\/\/api.w.org\/{rel}","templated":true}]}}