{"id":28369,"date":"2026-09-01T12:22:36","date_gmt":"2026-09-01T18:22:36","guid":{"rendered":"https:\/\/cronicadesoledad.com\/?p=28369"},"modified":"2026-09-01T12:38:47","modified_gmt":"2026-09-01T18:38:47","slug":"premian-a-bomberas-y-bomberos-de-slp","status":"publish","type":"post","link":"https:\/\/cronicadesoledad.com\/index.php\/2026\/09\/01\/premian-a-bomberas-y-bomberos-de-slp\/","title":{"rendered":"Premian a bomberas y bomberos de SLP"},"content":{"rendered":"\n<p class=\"wp-block-paragraph\">El Cabildo de San Luis Potos\u00ed entreg\u00f3 a Mar\u00eda de los \u00c1ngeles Garc\u00eda D\u00edaz y Adri\u00e1n Ibarra Garc\u00eda el Premio Municipal de Bomberas y Bomberos \u201c\u00d3scar Francisco Benavente Li\u00f1\u00e1n\u201d 2026, en reconocimiento a su destacada labor, m\u00e9ritos y sacrificio diario en favor de las potosinas y potosinos. En el acto, el Alcalde Enrique Galindo Ceballos destac\u00f3 la vocaci\u00f3n y trayectoria de quienes integran el Heroico Cuerpo de Bomberos y su labor no solo en beneficio de la Capital, sino de toda la entidad e incluso de otros estados.<\/p>\n\n\n\n<p class=\"wp-block-paragraph\">El Alcalde Enrique Galindo Ceballos se\u00f1al\u00f3 que este reconocimiento, otorgado en representaci\u00f3n de toda la ciudad, hace justicia a una instituci\u00f3n cuyos integrantes protegen a San Luis Potos\u00ed y a sus habitantes con responsabilidad, entrega y una trayectoria de servicio. \u201cPor eso esperamos estar a la altura de las necesidades de este Heroico Cuerpo\u201d, expres\u00f3.<\/p>\n\n\n\n<p class=\"wp-block-paragraph\">Asimismo, el Cabildo en pleno, a petici\u00f3n del Regidor Rub\u00e9n Omar L\u00e1rraga Benavente, reconoci\u00f3 a los bomberos F\u00e9lix Enrique Castillo Moreno y Juan Francisco Grimaldo Guti\u00e9rrez por 30 a\u00f1os de servicio ininterrumpido, trayectoria en la que destacan las vidas salvadas y el legado que han construido en favor de la ciudadan\u00eda.<\/p>\n\n\n\n<p class=\"wp-block-paragraph\">Las personas ganadoras del Premio Municipal de Bomberas y Bomberos \u201c\u00d3scar Francisco Benavente Li\u00f1\u00e1n\u201d 2026 recibieron tambi\u00e9n un est\u00edmulo econ\u00f3mico, como parte de este reconocimiento a su trayectoria y m\u00e9ritos en el servicio.<\/p>\n\n\n\n<p class=\"wp-block-paragraph\">En sesi\u00f3n anterior de Cabildo se aprobaron pensiones de personal que cumpli\u00f3 28 y 30 a\u00f1os de servicio, presentadas por la Comisi\u00f3n de Pensiones y Asuntos Laborales, as\u00ed como las desincorporaciones de las Regidoras Beatriz Adriana Urbina Aguilar y Luz Magdalena Cisneros Jim\u00e9nez, y del Regidor Alejandro Fern\u00e1ndez Hern\u00e1ndez.<\/p>\n","protected":false},"excerpt":{"rendered":"<p>El Cabildo de San Luis Potos\u00ed entreg\u00f3 a Mar\u00eda de los \u00c1ngeles Garc\u00eda D\u00edaz y Adri\u00e1n Ibarra Garc\u00eda el Premio Municipal de Bomberas y Bomberos \u201c\u00d3scar Francisco Benavente Li\u00f1\u00e1n\u201d 2026, en reconocimiento a su destacada labor, m\u00e9ritos y sacrificio diario en favor de las potosinas y potosinos. En el acto, el Alcalde Enrique Galindo Ceballos [&hellip;]<\/p>\n","protected":false},"author":24,"featured_media":28370,"comment_status":"open","ping_status":"open","sticky":false,"template":"","format":"standard","meta":{"footnotes":""},"categories":[3163],"tags":[],"class_list":["post-28369","post","type-post","status-publish","format-standard","has-post-thumbnail","category-san-luis-potosi"],"_links":{"self":[{"href":"https:\/\/cronicadesoledad.com\/index.php\/wp-json\/wp\/v2\/posts\/28369","targetHints":{"allow":["GET"]}}],"collection":[{"href":"https:\/\/cronicadesoledad.com\/index.php\/wp-json\/wp\/v2\/posts"}],"about":[{"href":"https:\/\/cronicadesoledad.com\/index.php\/wp-json\/wp\/v2\/types\/post"}],"author":[{"embeddable":true,"href":"https:\/\/cronicadesoledad.com\/index.php\/wp-json\/wp\/v2\/users\/24"}],"replies":[{"embeddable":true,"href":"https:\/\/cronicadesoledad.com\/index.php\/wp-json\/wp\/v2\/comments?post=28369"}],"version-history":[{"count":1,"href":"https:\/\/cronicadesoledad.com\/index.php\/wp-json\/wp\/v2\/posts\/28369\/revisions"}],"predecessor-version":[{"id":28371,"href":"https:\/\/cronicadesoledad.com\/index.php\/wp-json\/wp\/v2\/posts\/28369\/revisions\/28371"}],"wp:featuredmedia":[{"embeddable":true,"href":"https:\/\/cronicadesoledad.com\/index.php\/wp-json\/wp\/v2\/media\/28370"}],"wp:attachment":[{"href":"https:\/\/cronicadesoledad.com\/index.php\/wp-json\/wp\/v2\/media?parent=28369"}],"wp:term":[{"taxonomy":"category","embeddable":true,"href":"https:\/\/cronicadesoledad.com\/index.php\/wp-json\/wp\/v2\/categories?post=28369"},{"taxonomy":"post_tag","embeddable":true,"href":"https:\/\/cronicadesoledad.com\/index.php\/wp-json\/wp\/v2\/tags?post=28369"}],"curies":[{"name":"wp","href":"https:\/\/api.w.org\/{rel}","templated":true}]}}