{"id":28375,"date":"2026-09-01T12:42:20","date_gmt":"2026-09-01T18:42:20","guid":{"rendered":"https:\/\/cronicadesoledad.com\/?p=28375"},"modified":"2026-09-01T12:42:21","modified_gmt":"2026-09-01T18:42:21","slug":"nuevo-acueducto-para-llevar-agua-a-la-zona-metropolitana","status":"publish","type":"post","link":"https:\/\/cronicadesoledad.com\/index.php\/2026\/09\/01\/nuevo-acueducto-para-llevar-agua-a-la-zona-metropolitana\/","title":{"rendered":"Nuevo acueducto para llevar agua a la zona metropolitana"},"content":{"rendered":"\n<p class=\"wp-block-paragraph\">Por gestiones del Gobernador Ricardo Gallardo Cardona ante el Gobierno Federal, la Comisi\u00f3n Nacional del Agua (Conagua) ejecuta\u00a0la primera etapa del nuevo acueducto que conectar\u00e1 las presas El Peaje y San Jos\u00e9, para mejorar las condiciones de conducci\u00f3n y abastecimiento de agua hacia la zona metropolitana.<\/p>\n\n\n\n<p class=\"wp-block-paragraph\">La primera fase comprende 6.7 kil\u00f3metros desde la toma de la presa El Peaje hasta la presa San Jos\u00e9,\u00a0con tuber\u00eda de acero de 14 pulgadas de di\u00e1metro en tramos de 12 metros.<\/p>\n\n\n\n<p class=\"wp-block-paragraph\">Con esta infraestructura se evitar\u00e1 que el agua sea trasladada a trav\u00e9s de Escalerillas, reduciendo el riesgo de incorporaci\u00f3n de contaminantes durante su recorrido.<\/p>\n\n\n\n<p class=\"wp-block-paragraph\">En una segunda etapa se contempla conectar esta infraestructura con el acueducto que conduce el recurso de la presa San Jos\u00e9 hacia la planta potabilizadora Los Filtros, ampliando las alternativas para el suministro de agua a la poblaci\u00f3n.<\/p>\n","protected":false},"excerpt":{"rendered":"<p>Por gestiones del Gobernador Ricardo Gallardo Cardona ante el Gobierno Federal, la Comisi\u00f3n Nacional del Agua (Conagua) ejecuta\u00a0la primera etapa del nuevo acueducto que conectar\u00e1 las presas El Peaje y San Jos\u00e9, para mejorar las condiciones de conducci\u00f3n y abastecimiento de agua hacia la zona metropolitana. La primera fase comprende 6.7 kil\u00f3metros desde la toma [&hellip;]<\/p>\n","protected":false},"author":24,"featured_media":28376,"comment_status":"open","ping_status":"open","sticky":false,"template":"","format":"standard","meta":{"footnotes":""},"categories":[3163],"tags":[],"class_list":["post-28375","post","type-post","status-publish","format-standard","has-post-thumbnail","category-san-luis-potosi"],"_links":{"self":[{"href":"https:\/\/cronicadesoledad.com\/index.php\/wp-json\/wp\/v2\/posts\/28375","targetHints":{"allow":["GET"]}}],"collection":[{"href":"https:\/\/cronicadesoledad.com\/index.php\/wp-json\/wp\/v2\/posts"}],"about":[{"href":"https:\/\/cronicadesoledad.com\/index.php\/wp-json\/wp\/v2\/types\/post"}],"author":[{"embeddable":true,"href":"https:\/\/cronicadesoledad.com\/index.php\/wp-json\/wp\/v2\/users\/24"}],"replies":[{"embeddable":true,"href":"https:\/\/cronicadesoledad.com\/index.php\/wp-json\/wp\/v2\/comments?post=28375"}],"version-history":[{"count":1,"href":"https:\/\/cronicadesoledad.com\/index.php\/wp-json\/wp\/v2\/posts\/28375\/revisions"}],"predecessor-version":[{"id":28377,"href":"https:\/\/cronicadesoledad.com\/index.php\/wp-json\/wp\/v2\/posts\/28375\/revisions\/28377"}],"wp:featuredmedia":[{"embeddable":true,"href":"https:\/\/cronicadesoledad.com\/index.php\/wp-json\/wp\/v2\/media\/28376"}],"wp:attachment":[{"href":"https:\/\/cronicadesoledad.com\/index.php\/wp-json\/wp\/v2\/media?parent=28375"}],"wp:term":[{"taxonomy":"category","embeddable":true,"href":"https:\/\/cronicadesoledad.com\/index.php\/wp-json\/wp\/v2\/categories?post=28375"},{"taxonomy":"post_tag","embeddable":true,"href":"https:\/\/cronicadesoledad.com\/index.php\/wp-json\/wp\/v2\/tags?post=28375"}],"curies":[{"name":"wp","href":"https:\/\/api.w.org\/{rel}","templated":true}]}}