{"id":28384,"date":"2026-09-01T13:04:58","date_gmt":"2026-09-01T19:04:58","guid":{"rendered":"https:\/\/cronicadesoledad.com\/?p=28384"},"modified":"2026-09-01T13:04:59","modified_gmt":"2026-09-01T19:04:59","slug":"18-aniversario-del-centro-de-las-artes-de-slp","status":"publish","type":"post","link":"https:\/\/cronicadesoledad.com\/index.php\/2026\/09\/01\/18-aniversario-del-centro-de-las-artes-de-slp\/","title":{"rendered":"18\u00b0 aniversario del Centro de las artes de SLP"},"content":{"rendered":"\n<p class=\"wp-block-paragraph\">La Secretar\u00eda de Cultura de Gobierno del Estado, celebr\u00f3 el&nbsp;<strong>XVIII aniversario del Centro de las Artes de San Luis Potos\u00ed,<\/strong>&nbsp;los d\u00edas 27, 28 y 29 de agosto con una programaci\u00f3n especial que reuni\u00f3 a la comunidad en sus instalaciones, mediante actividades de teatro, m\u00fasica, exposiciones, performance y teatro musical, con el prop\u00f3sito de fortalecer el encuentro entre artistas, p\u00fablicos y distintas expresiones culturales.<\/p>\n\n\n\n<p class=\"wp-block-paragraph\">Con el respaldo del Gobierno del Estado de San Luis Potos\u00ed, encabezado por el Gobernador Ricardo Gallardo Cardona, la celebraci\u00f3n inici\u00f3 el jueves 27 de agosto con la presentaci\u00f3n de la obra Me niego a dimitir, con 10 artistas en escena; la inauguraci\u00f3n de Reflejo atemporal, de Bernardo Calder\u00f3n; un concierto de la Orquesta de C\u00e1mara J\u00f3venes Talentos Potosinos del CEART San Luis, bajo la direcci\u00f3n del Mtro. Iv\u00e1n Petrov, con la participaci\u00f3n de la solista Adriana Tinoco y el pianista Enrique Rodr\u00edguez Mac\u00edas; as\u00ed como la apertura de las exposiciones Pre-Ruptura, de Humberto M\u00e1rquez; Cachorros de Tigre, con m\u00e1s de 100 artistas, y La memoria del agua, de Alejandra Fresco.<\/p>\n\n\n\n<p class=\"wp-block-paragraph\">El viernes 28 de agosto continuaron los festejos con las propuestas de performance Enlazando mundos, Gato Rinson, Sombrerero y Feliz no cumplea\u00f1os, que reunieron a 25 participantes, adem\u00e1s de una Noche de Museo en el Museo Leonora Carrington, con la propuesta Noche de vinilos. Asimismo, los d\u00edas 28 y 29 de agosto se present\u00f3 en el Teatro Polivalente el espect\u00e1culo de teatro musical Glamour, a cargo de la compa\u00f1\u00eda TRES60, con 60 artistas en escena y dos funciones que se sumaron a la celebraci\u00f3n.<\/p>\n","protected":false},"excerpt":{"rendered":"<p>La Secretar\u00eda de Cultura de Gobierno del Estado, celebr\u00f3 el&nbsp;XVIII aniversario del Centro de las Artes de San Luis Potos\u00ed,&nbsp;los d\u00edas 27, 28 y 29 de agosto con una programaci\u00f3n especial que reuni\u00f3 a la comunidad en sus instalaciones, mediante actividades de teatro, m\u00fasica, exposiciones, performance y teatro musical, con el prop\u00f3sito de fortalecer el [&hellip;]<\/p>\n","protected":false},"author":24,"featured_media":28385,"comment_status":"open","ping_status":"open","sticky":false,"template":"","format":"standard","meta":{"footnotes":""},"categories":[3163],"tags":[],"class_list":["post-28384","post","type-post","status-publish","format-standard","has-post-thumbnail","category-san-luis-potosi"],"_links":{"self":[{"href":"https:\/\/cronicadesoledad.com\/index.php\/wp-json\/wp\/v2\/posts\/28384","targetHints":{"allow":["GET"]}}],"collection":[{"href":"https:\/\/cronicadesoledad.com\/index.php\/wp-json\/wp\/v2\/posts"}],"about":[{"href":"https:\/\/cronicadesoledad.com\/index.php\/wp-json\/wp\/v2\/types\/post"}],"author":[{"embeddable":true,"href":"https:\/\/cronicadesoledad.com\/index.php\/wp-json\/wp\/v2\/users\/24"}],"replies":[{"embeddable":true,"href":"https:\/\/cronicadesoledad.com\/index.php\/wp-json\/wp\/v2\/comments?post=28384"}],"version-history":[{"count":1,"href":"https:\/\/cronicadesoledad.com\/index.php\/wp-json\/wp\/v2\/posts\/28384\/revisions"}],"predecessor-version":[{"id":28386,"href":"https:\/\/cronicadesoledad.com\/index.php\/wp-json\/wp\/v2\/posts\/28384\/revisions\/28386"}],"wp:featuredmedia":[{"embeddable":true,"href":"https:\/\/cronicadesoledad.com\/index.php\/wp-json\/wp\/v2\/media\/28385"}],"wp:attachment":[{"href":"https:\/\/cronicadesoledad.com\/index.php\/wp-json\/wp\/v2\/media?parent=28384"}],"wp:term":[{"taxonomy":"category","embeddable":true,"href":"https:\/\/cronicadesoledad.com\/index.php\/wp-json\/wp\/v2\/categories?post=28384"},{"taxonomy":"post_tag","embeddable":true,"href":"https:\/\/cronicadesoledad.com\/index.php\/wp-json\/wp\/v2\/tags?post=28384"}],"curies":[{"name":"wp","href":"https:\/\/api.w.org\/{rel}","templated":true}]}}