{"id":28387,"date":"2026-09-01T13:16:00","date_gmt":"2026-09-01T19:16:00","guid":{"rendered":"https:\/\/cronicadesoledad.com\/?p=28387"},"modified":"2026-09-01T13:16:00","modified_gmt":"2026-09-01T19:16:00","slug":"soledad-festeja-a-mexico-en-la-piel","status":"publish","type":"post","link":"https:\/\/cronicadesoledad.com\/index.php\/2026\/09\/01\/soledad-festeja-a-mexico-en-la-piel\/","title":{"rendered":"Soledad festeja a M\u00e9xico En La Piel"},"content":{"rendered":"\n<p class=\"wp-block-paragraph\">Con el prop\u00f3sito de fortalecer el acceso de las familias a las expresiones art\u00edsticas y celebrar con orgullo las tradiciones mexicanas, el Ayuntamiento de Soledad de Graciano S\u00e1nchez llevar\u00e1 a cabo este domingo 06 de septiembre el Festival \u201cM\u00e9xico en la Piel\u201d, una jornada de folclor, canto, m\u00fasica y cultura que tendr\u00e1 como escenario el Jard\u00edn Hidalgo, a trav\u00e9s de la Direcci\u00f3n de Cultura Municipal, como parte de la encomienda del Alcalde, Juan Manuel Navarro Mu\u00f1iz.<\/p>\n\n\n<div class=\"wp-block-image\">\n<figure class=\"alignright size-large is-resized\"><img decoding=\"async\" src=\"https:\/\/regioncentroslp.com\/wp-content\/uploads\/2026\/09\/festival-10.jpeg-819x1024.webp\" alt=\"\" class=\"wp-image-182020\" style=\"aspect-ratio:0.799801632715343;width:304px;height:auto\"\/><\/figure>\n<\/div>\n\n\n<p class=\"wp-block-paragraph\">El anuncio fue realizado por el titular de Cultura, Felipe C\u00e1rdenas Quibrera, quien destac\u00f3 que este tipo de actividades forman parte de la estrategia para acercar espect\u00e1culos de calidad a las familias soledenses y mantener vivos el folclor y las tradiciones que dan identidad a M\u00e9xico. Resalt\u00f3 particularmente el impulso que el Alcalde Navarro Mu\u00f1iz est\u00e1 dando al arte y la cultura, al considerar que son herramientas fundamentales para fortalecer la identidad, generar convivencia y ofrecer espacios de sano esparcimiento para ni\u00f1as, ni\u00f1os, j\u00f3venes y familias.<\/p>\n\n\n\n<p class=\"wp-block-paragraph\">\u201cEn Soledad queremos que la cultura est\u00e9 en las plazas, en las calles y al alcance de todas y todos. El arte nos une, nos identifica y nos permite sentirnos orgullosos de nuestras ra\u00edces, y que mejor oportunidad de incentivar en amor por nuestra cultura y tradiciones, que este espect\u00e1culo de primer nivel\u201d, se\u00f1al\u00f3 el funcionario.<\/p>\n\n\n\n<p class=\"wp-block-paragraph\">El Festival \u201cM\u00e9xico en la Piel\u201d contar\u00e1 con la participaci\u00f3n de la Compa\u00f1\u00eda Art\u00edstica TACE, que ofrecer\u00e1 un espect\u00e1culo de folclor y canto inspirado en la riqueza cultural de nuestro pa\u00eds, mismo que dar\u00e1 inicio a las 18:00 horas y estar\u00e1 acompa\u00f1ada de antojitos mexicanos y una gran verbena popular, creando un ambiente familiar para disfrutar de nuestras tradiciones.<\/p>\n\n\n\n<p class=\"wp-block-paragraph\">Felipe C\u00e1rdenas invit\u00f3 a las familias soledenses a sumarse a esta fiesta y disfrutar de una tarde dedicada a M\u00e9xico: \u201cPorque Soledad Canta y Soledad Baila para festejar a M\u00e9xico. Queremos que las familias vivan nuestra cultura, la disfruten y la lleven en el coraz\u00f3n. M\u00e9xico se celebra, pero tambi\u00e9n se siente\u2026 y este domingo lo vamos a sentir en la piel\u201d.<\/p>\n\n\n\n<p class=\"wp-block-paragraph\">El evento ser\u00e1 de entrada gratuita y se realizar\u00e1 este domingo 6 de septiembre, a partir de las 18:00 horas, en el Jard\u00edn Hidalgo en la Plaza principal, un evento que impulsa el cambio cultural y el acceso a las familias a una agenda atractiva de m\u00fasica y color.<\/p>\n\n\n\n<figure class=\"wp-block-gallery has-nested-images columns-default is-cropped wp-block-gallery-1 is-layout-flex wp-block-gallery-is-layout-flex\">\n<figure class=\"wp-block-image size-large\"><img decoding=\"async\" data-id=\"182017\" src=\"https:\/\/regioncentroslp.com\/wp-content\/uploads\/2026\/09\/festival2-7.jpeg-1024x683.webp\" alt=\"\" class=\"wp-image-182017\"\/><\/figure>\n\n\n\n<figure class=\"wp-block-image size-large\"><img decoding=\"async\" data-id=\"182018\" src=\"https:\/\/regioncentroslp.com\/wp-content\/uploads\/2026\/09\/festival4-3.jpeg-1024x683.webp\" alt=\"\" class=\"wp-image-182018\"\/><\/figure>\n\n\n\n<figure class=\"wp-block-image size-large\"><img decoding=\"async\" data-id=\"182019\" src=\"https:\/\/regioncentroslp.com\/wp-content\/uploads\/2026\/09\/festival3-4.jpeg-683x1024.webp\" alt=\"\" class=\"wp-image-182019\"\/><\/figure>\n<\/figure>\n\n\n\n<p class=\"wp-block-paragraph\"><\/p>\n","protected":false},"excerpt":{"rendered":"<p>Con el prop\u00f3sito de fortalecer el acceso de las familias a las expresiones art\u00edsticas y celebrar con orgullo las tradiciones mexicanas, el Ayuntamiento de Soledad de Graciano S\u00e1nchez llevar\u00e1 a cabo este domingo 06 de septiembre el Festival \u201cM\u00e9xico en la Piel\u201d, una jornada de folclor, canto, m\u00fasica y cultura que tendr\u00e1 como escenario el [&hellip;]<\/p>\n","protected":false},"author":24,"featured_media":28388,"comment_status":"open","ping_status":"open","sticky":false,"template":"","format":"standard","meta":{"footnotes":""},"categories":[21],"tags":[],"class_list":["post-28387","post","type-post","status-publish","format-standard","has-post-thumbnail","category-tu-soledad"],"_links":{"self":[{"href":"https:\/\/cronicadesoledad.com\/index.php\/wp-json\/wp\/v2\/posts\/28387","targetHints":{"allow":["GET"]}}],"collection":[{"href":"https:\/\/cronicadesoledad.com\/index.php\/wp-json\/wp\/v2\/posts"}],"about":[{"href":"https:\/\/cronicadesoledad.com\/index.php\/wp-json\/wp\/v2\/types\/post"}],"author":[{"embeddable":true,"href":"https:\/\/cronicadesoledad.com\/index.php\/wp-json\/wp\/v2\/users\/24"}],"replies":[{"embeddable":true,"href":"https:\/\/cronicadesoledad.com\/index.php\/wp-json\/wp\/v2\/comments?post=28387"}],"version-history":[{"count":1,"href":"https:\/\/cronicadesoledad.com\/index.php\/wp-json\/wp\/v2\/posts\/28387\/revisions"}],"predecessor-version":[{"id":28389,"href":"https:\/\/cronicadesoledad.com\/index.php\/wp-json\/wp\/v2\/posts\/28387\/revisions\/28389"}],"wp:featuredmedia":[{"embeddable":true,"href":"https:\/\/cronicadesoledad.com\/index.php\/wp-json\/wp\/v2\/media\/28388"}],"wp:attachment":[{"href":"https:\/\/cronicadesoledad.com\/index.php\/wp-json\/wp\/v2\/media?parent=28387"}],"wp:term":[{"taxonomy":"category","embeddable":true,"href":"https:\/\/cronicadesoledad.com\/index.php\/wp-json\/wp\/v2\/categories?post=28387"},{"taxonomy":"post_tag","embeddable":true,"href":"https:\/\/cronicadesoledad.com\/index.php\/wp-json\/wp\/v2\/tags?post=28387"}],"curies":[{"name":"wp","href":"https:\/\/api.w.org\/{rel}","templated":true}]}}