{"id":28414,"date":"2026-09-02T12:29:11","date_gmt":"2026-09-02T18:29:11","guid":{"rendered":"https:\/\/cronicadesoledad.com\/?p=28414"},"modified":"2026-09-02T12:29:11","modified_gmt":"2026-09-02T18:29:11","slug":"ley-para-regular-celulares-entre-los-alumnos-potosinos","status":"publish","type":"post","link":"https:\/\/cronicadesoledad.com\/index.php\/2026\/09\/02\/ley-para-regular-celulares-entre-los-alumnos-potosinos\/","title":{"rendered":"Ley para regular celulares entre los alumnos potosinos"},"content":{"rendered":"\n<p class=\"wp-block-paragraph\">El Gobierno de San Luis Potos\u00ed prepara una iniciativa de ley para regular el uso de tel\u00e9fonos celulares y otras pantallas dentro de las escuelas de la entidad, inform\u00f3 el gobernador Ricardo Gallardo Cardona, quien se\u00f1al\u00f3 que la medida buscar\u00e1 reducir las distracciones entre estudiantes de primaria y secundaria.<\/p>\n\n\n\n<p class=\"wp-block-paragraph\">El mandatario explic\u00f3 que la propuesta ser\u00e1 presentada en los pr\u00f3ximos d\u00edas y sostuvo que docentes han manifestado preocupaci\u00f3n por la p\u00e9rdida de atenci\u00f3n en las aulas debido al uso constante de dispositivos m\u00f3viles.<\/p>\n\n\n\n<p class=\"wp-block-paragraph\"><strong><em>\u00abNosotros vamos a presentar una iniciativa en pr\u00f3ximos d\u00edas para la regulaci\u00f3n de las pantallas. Hay muchos ni\u00f1os que est\u00e1n con el&nbsp;celular metidos en las escuelas. Los maestros est\u00e1n desesperados porque no hay la atenci\u00f3n en las aulas\u00bb<\/em><\/strong>. Afirm\u00f3 el mandatario<\/p>\n\n\n\n<p class=\"wp-block-paragraph\">El anuncio se da despu\u00e9s de que la presidenta Claudia Sheinbaum Pardo planteara una regulaci\u00f3n a nivel nacional sobre el uso de celulares en las escuelas del pa\u00eds, durante el arranque del ciclo escolar 2026-2027 este lunes.<\/p>\n\n\n\n<p class=\"wp-block-paragraph\">Sheinbaum explic\u00f3 que el tema ser\u00e1 definido con la participaci\u00f3n de autoridades educativas, docentes y estudiantes, luego de una consulta en la que, de acuerdo con la mandataria federal, 81 por ciento de los maestros se manifest\u00f3 a favor de que los celulares no sean utilizados durante las clases ni en el recreo.<\/p>\n\n\n\n<p class=\"wp-block-paragraph\">La presidenta tambi\u00e9n advirti\u00f3 sobre los riesgos relacionados con el uso excesivo de redes sociales y contenidos digitales entre menores de edad, especialmente por su capacidad de generar adicci\u00f3n y exponerlos a mensajes inapropiados.<\/p>\n\n\n\n<p class=\"wp-block-paragraph\">Finalmente, Gallardo Cardona asegur\u00f3 que la regulaci\u00f3n buscar\u00e1 atender precisamente la preocupaci\u00f3n de los docentes por el uso de tel\u00e9fonos dentro de las aulas y adelant\u00f3 que el Gobierno del Estado enviar\u00e1 una iniciativa para establecer un marco espec\u00edfico en la entidad.<\/p>\n","protected":false},"excerpt":{"rendered":"<p>El Gobierno de San Luis Potos\u00ed prepara una iniciativa de ley para regular el uso de tel\u00e9fonos celulares y otras pantallas dentro de las escuelas de la entidad, inform\u00f3 el gobernador Ricardo Gallardo Cardona, quien se\u00f1al\u00f3 que la medida buscar\u00e1 reducir las distracciones entre estudiantes de primaria y secundaria. El mandatario explic\u00f3 que la propuesta [&hellip;]<\/p>\n","protected":false},"author":24,"featured_media":28415,"comment_status":"open","ping_status":"open","sticky":false,"template":"","format":"standard","meta":{"footnotes":""},"categories":[1,3163],"tags":[],"class_list":["post-28414","post","type-post","status-publish","format-standard","has-post-thumbnail","category-destacadas","category-san-luis-potosi"],"_links":{"self":[{"href":"https:\/\/cronicadesoledad.com\/index.php\/wp-json\/wp\/v2\/posts\/28414","targetHints":{"allow":["GET"]}}],"collection":[{"href":"https:\/\/cronicadesoledad.com\/index.php\/wp-json\/wp\/v2\/posts"}],"about":[{"href":"https:\/\/cronicadesoledad.com\/index.php\/wp-json\/wp\/v2\/types\/post"}],"author":[{"embeddable":true,"href":"https:\/\/cronicadesoledad.com\/index.php\/wp-json\/wp\/v2\/users\/24"}],"replies":[{"embeddable":true,"href":"https:\/\/cronicadesoledad.com\/index.php\/wp-json\/wp\/v2\/comments?post=28414"}],"version-history":[{"count":1,"href":"https:\/\/cronicadesoledad.com\/index.php\/wp-json\/wp\/v2\/posts\/28414\/revisions"}],"predecessor-version":[{"id":28416,"href":"https:\/\/cronicadesoledad.com\/index.php\/wp-json\/wp\/v2\/posts\/28414\/revisions\/28416"}],"wp:featuredmedia":[{"embeddable":true,"href":"https:\/\/cronicadesoledad.com\/index.php\/wp-json\/wp\/v2\/media\/28415"}],"wp:attachment":[{"href":"https:\/\/cronicadesoledad.com\/index.php\/wp-json\/wp\/v2\/media?parent=28414"}],"wp:term":[{"taxonomy":"category","embeddable":true,"href":"https:\/\/cronicadesoledad.com\/index.php\/wp-json\/wp\/v2\/categories?post=28414"},{"taxonomy":"post_tag","embeddable":true,"href":"https:\/\/cronicadesoledad.com\/index.php\/wp-json\/wp\/v2\/tags?post=28414"}],"curies":[{"name":"wp","href":"https:\/\/api.w.org\/{rel}","templated":true}]}}