{"id":28428,"date":"2026-09-02T13:02:39","date_gmt":"2026-09-02T19:02:39","guid":{"rendered":"https:\/\/cronicadesoledad.com\/?p=28428"},"modified":"2026-09-02T13:02:40","modified_gmt":"2026-09-02T19:02:40","slug":"trump-amenaza-a-iran-con-ataques-mas-intensos","status":"publish","type":"post","link":"https:\/\/cronicadesoledad.com\/index.php\/2026\/09\/02\/trump-amenaza-a-iran-con-ataques-mas-intensos\/","title":{"rendered":"Trump amenaza a Ir\u00e1n con ataques m\u00e1s intensos"},"content":{"rendered":"\n<p class=\"wp-block-paragraph\">El presidente de Estados Unidos (EE. UU.), Donald Trump, amenaz\u00f3 el martes 1 de septiembre, mediante una publicaci\u00f3n en Truth Social, con ordenar ataques de mayor intensidad contra Ir\u00e1n si Teher\u00e1n responde a los bombardeos estadounidenses realizados cerca del estrecho de Ormuz.<\/p>\n\n\n\n<p class=\"wp-block-paragraph\">Las fuerzas estadounidenses atacaron objetivos iran\u00edes por segunda ocasi\u00f3n en pocos d\u00edas. El Comando Central de Estados Unidos (CENTCOM) se\u00f1al\u00f3 que la operaci\u00f3n ocurri\u00f3 despu\u00e9s de presuntos intentos de agresi\u00f3n contra embarcaciones comerciales y personal militar desplegado en la regi\u00f3n.<\/p>\n\n\n\n<p class=\"wp-block-paragraph\">Trump calific\u00f3 la ofensiva como una operaci\u00f3n de gran alcance y advirti\u00f3 que Ir\u00e1n&nbsp;<strong><em>\u201cser\u00e1 golpeado nuevamente, mucho m\u00e1s duro y con mayor intensidad\u201d<\/em><\/strong>&nbsp;si toma represalias.<\/p>\n\n\n\n<p class=\"wp-block-paragraph\">El mandatario afirm\u00f3 que los ataques fueron una respuesta a las acciones atribuidas a la Guardia Revolucionaria de Ir\u00e1n contra la navegaci\u00f3n comercial y las fuerzas de EE. UU.<\/p>\n\n\n\n<p class=\"wp-block-paragraph\">Por su parte, la corporaci\u00f3n militar iran\u00ed advirti\u00f3 que aplicar\u00e1 un castigo contra los responsables de los bombardeos y asegur\u00f3 que Washington lamentar\u00e1 sus acciones.<\/p>\n\n\n\n<p class=\"wp-block-paragraph\">La televisi\u00f3n estatal iran\u00ed report\u00f3 explosiones al este de Bandar Ab\u00e1s y alrededor de la isla de Qeshm, ubicada al norte del estrecho de Ormuz.<\/p>\n","protected":false},"excerpt":{"rendered":"<p>El presidente de Estados Unidos (EE. UU.), Donald Trump, amenaz\u00f3 el martes 1 de septiembre, mediante una publicaci\u00f3n en Truth Social, con ordenar ataques de mayor intensidad contra Ir\u00e1n si Teher\u00e1n responde a los bombardeos estadounidenses realizados cerca del estrecho de Ormuz. Las fuerzas estadounidenses atacaron objetivos iran\u00edes por segunda ocasi\u00f3n en pocos d\u00edas. El [&hellip;]<\/p>\n","protected":false},"author":24,"featured_media":28429,"comment_status":"open","ping_status":"open","sticky":false,"template":"","format":"standard","meta":{"footnotes":""},"categories":[1,24],"tags":[],"class_list":["post-28428","post","type-post","status-publish","format-standard","has-post-thumbnail","category-destacadas","category-informacion-general"],"_links":{"self":[{"href":"https:\/\/cronicadesoledad.com\/index.php\/wp-json\/wp\/v2\/posts\/28428","targetHints":{"allow":["GET"]}}],"collection":[{"href":"https:\/\/cronicadesoledad.com\/index.php\/wp-json\/wp\/v2\/posts"}],"about":[{"href":"https:\/\/cronicadesoledad.com\/index.php\/wp-json\/wp\/v2\/types\/post"}],"author":[{"embeddable":true,"href":"https:\/\/cronicadesoledad.com\/index.php\/wp-json\/wp\/v2\/users\/24"}],"replies":[{"embeddable":true,"href":"https:\/\/cronicadesoledad.com\/index.php\/wp-json\/wp\/v2\/comments?post=28428"}],"version-history":[{"count":1,"href":"https:\/\/cronicadesoledad.com\/index.php\/wp-json\/wp\/v2\/posts\/28428\/revisions"}],"predecessor-version":[{"id":28430,"href":"https:\/\/cronicadesoledad.com\/index.php\/wp-json\/wp\/v2\/posts\/28428\/revisions\/28430"}],"wp:featuredmedia":[{"embeddable":true,"href":"https:\/\/cronicadesoledad.com\/index.php\/wp-json\/wp\/v2\/media\/28429"}],"wp:attachment":[{"href":"https:\/\/cronicadesoledad.com\/index.php\/wp-json\/wp\/v2\/media?parent=28428"}],"wp:term":[{"taxonomy":"category","embeddable":true,"href":"https:\/\/cronicadesoledad.com\/index.php\/wp-json\/wp\/v2\/categories?post=28428"},{"taxonomy":"post_tag","embeddable":true,"href":"https:\/\/cronicadesoledad.com\/index.php\/wp-json\/wp\/v2\/tags?post=28428"}],"curies":[{"name":"wp","href":"https:\/\/api.w.org\/{rel}","templated":true}]}}