{"id":28438,"date":"2026-09-02T14:05:31","date_gmt":"2026-09-02T20:05:31","guid":{"rendered":"https:\/\/cronicadesoledad.com\/?p=28438"},"modified":"2026-09-02T14:05:32","modified_gmt":"2026-09-02T20:05:32","slug":"cuerpo-en-villa-de-reyes-podria-pertenecer-a-colombiana-desaparecida","status":"publish","type":"post","link":"https:\/\/cronicadesoledad.com\/index.php\/2026\/09\/02\/cuerpo-en-villa-de-reyes-podria-pertenecer-a-colombiana-desaparecida\/","title":{"rendered":"Cuerpo en Villa de Reyes podr\u00eda pertenecer a Colombiana desaparecida"},"content":{"rendered":"\n<p class=\"wp-block-paragraph\">La Fiscal\u00eda General del Estado investiga si el cuerpo de una mujer localizado en el municipio de Villa de Reyes corresponde a Tatiana Vanessa Almanza Garc\u00eda, ciudadana colombiana de 32 a\u00f1os reportada como desaparecida desde el pasado 28 de agosto en la capital potosina. La fiscal general del Estado, Mar\u00eda Manuela Garc\u00eda C\u00e1zares, inform\u00f3 que el cad\u00e1ver fue localizado durante la noche y presentaba un avanzado estado de descomposici\u00f3n, por lo que hasta el momento no ha sido posible confirmar plenamente su identidad.<\/p>\n\n\n\n<p class=\"wp-block-paragraph\">Garc\u00eda C\u00e1zares explic\u00f3 que existen algunos indicios que hacen considerar a las autoridades la posibilidad de que se trate de Tatiana, entre ellos que el cuerpo corresponde a una mujer y presenta caracter\u00edsticas particulares, como tatuajes, que est\u00e1n siendo comparados con la informaci\u00f3n incluida en la ficha de b\u00fasqueda.<\/p>\n\n\n\n<p class=\"wp-block-paragraph\">De acuerdo con la alerta emitida por la Comisi\u00f3n Estatal de B\u00fasqueda de Personas, Tatiana Vanessa fue vista por \u00faltima vez el 28 de agosto en la ciudad de San Luis Potos\u00ed. Entre sus se\u00f1as particulares se reportaron varios tatuajes, incluido uno con la palabra \u201cJer\u00f3nimo\u201d en el brazo izquierdo.<\/p>\n\n\n\n<p class=\"wp-block-paragraph\">Garc\u00eda C\u00e1zares se\u00f1al\u00f3 que especialistas realizan las pruebas periciales necesarias para establecer la identidad del cuerpo. Debido a sus condiciones, ser\u00e1 necesario recurrir a procedimientos cient\u00edficos antes de determinar si efectivamente corresponde a la mujer desaparecida.<\/p>\n\n\n\n<p class=\"wp-block-paragraph\">Seg\u00fan la informaci\u00f3n recabada hasta ahora, la joven habr\u00eda llegado procedente de la Ciudad de M\u00e9xico el jueves previo a su desaparici\u00f3n para realizar un trabajo en San Luis Potos\u00ed, circunstancia que tambi\u00e9n forma parte de la investigaci\u00f3n.<\/p>\n\n\n\n<p class=\"wp-block-paragraph\">La familia ten\u00eda previsto trasladarse este martes a territorio potosino mientras contin\u00faan las diligencias de identificaci\u00f3n.<\/p>\n","protected":false},"excerpt":{"rendered":"<p>La Fiscal\u00eda General del Estado investiga si el cuerpo de una mujer localizado en el municipio de Villa de Reyes corresponde a Tatiana Vanessa Almanza Garc\u00eda, ciudadana colombiana de 32 a\u00f1os reportada como desaparecida desde el pasado 28 de agosto en la capital potosina. La fiscal general del Estado, Mar\u00eda Manuela Garc\u00eda C\u00e1zares, inform\u00f3 que [&hellip;]<\/p>\n","protected":false},"author":24,"featured_media":28439,"comment_status":"open","ping_status":"open","sticky":false,"template":"","format":"standard","meta":{"footnotes":""},"categories":[3163],"tags":[],"class_list":["post-28438","post","type-post","status-publish","format-standard","has-post-thumbnail","category-san-luis-potosi"],"_links":{"self":[{"href":"https:\/\/cronicadesoledad.com\/index.php\/wp-json\/wp\/v2\/posts\/28438","targetHints":{"allow":["GET"]}}],"collection":[{"href":"https:\/\/cronicadesoledad.com\/index.php\/wp-json\/wp\/v2\/posts"}],"about":[{"href":"https:\/\/cronicadesoledad.com\/index.php\/wp-json\/wp\/v2\/types\/post"}],"author":[{"embeddable":true,"href":"https:\/\/cronicadesoledad.com\/index.php\/wp-json\/wp\/v2\/users\/24"}],"replies":[{"embeddable":true,"href":"https:\/\/cronicadesoledad.com\/index.php\/wp-json\/wp\/v2\/comments?post=28438"}],"version-history":[{"count":1,"href":"https:\/\/cronicadesoledad.com\/index.php\/wp-json\/wp\/v2\/posts\/28438\/revisions"}],"predecessor-version":[{"id":28440,"href":"https:\/\/cronicadesoledad.com\/index.php\/wp-json\/wp\/v2\/posts\/28438\/revisions\/28440"}],"wp:featuredmedia":[{"embeddable":true,"href":"https:\/\/cronicadesoledad.com\/index.php\/wp-json\/wp\/v2\/media\/28439"}],"wp:attachment":[{"href":"https:\/\/cronicadesoledad.com\/index.php\/wp-json\/wp\/v2\/media?parent=28438"}],"wp:term":[{"taxonomy":"category","embeddable":true,"href":"https:\/\/cronicadesoledad.com\/index.php\/wp-json\/wp\/v2\/categories?post=28438"},{"taxonomy":"post_tag","embeddable":true,"href":"https:\/\/cronicadesoledad.com\/index.php\/wp-json\/wp\/v2\/tags?post=28438"}],"curies":[{"name":"wp","href":"https:\/\/api.w.org\/{rel}","templated":true}]}}