{"id":28441,"date":"2026-09-02T14:10:35","date_gmt":"2026-09-02T20:10:35","guid":{"rendered":"https:\/\/cronicadesoledad.com\/?p=28441"},"modified":"2026-09-02T14:10:36","modified_gmt":"2026-09-02T20:10:36","slug":"capital-inicia-rehabilitacion-en-la-satelite","status":"publish","type":"post","link":"https:\/\/cronicadesoledad.com\/index.php\/2026\/09\/02\/capital-inicia-rehabilitacion-en-la-satelite\/","title":{"rendered":"Capital inicia rehabilitaci\u00f3n en la Sat\u00e9lite"},"content":{"rendered":"\n<p class=\"wp-block-paragraph\">El Gobierno de la Capital inici\u00f3 la rehabilitaci\u00f3n integral de la calle Am\u00e9rica del Centro, en la colonia Sat\u00e9lite, en el tramo de Hait\u00ed a Estados Unidos, donde se construir\u00e1n 1,350 metros cuadrados de nueva estructura de pavimento y carpeta asf\u00e1ltica, adem\u00e1s de banquetas, guarniciones, rampas para personas con discapacidad, pasos peatonales y se\u00f1al\u00e9tica.<\/p>\n\n\n\n<p class=\"wp-block-paragraph\">La intervenci\u00f3n, instruida por el Alcalde Enrique Galindo Ceballos, atiende una vialidad que no contaba con pavimento y cuya construcci\u00f3n hab\u00eda sido solicitada durante a\u00f1os por vecinas y vecinos de la zona. Con los trabajos, este tramo contar\u00e1 con una superficie pavimentada y elementos de infraestructura que permitir\u00e1n mejorar las condiciones de movilidad, accesibilidad y seguridad para quienes viven y transitan diariamente por el sector.<\/p>\n\n\n\n<p class=\"wp-block-paragraph\">Como parte de la obra tambi\u00e9n se instalar\u00e1 una caja de v\u00e1lvulas y 19 cuadros para medidor, adem\u00e1s de pintura en guarniciones y delimitaci\u00f3n de carriles, con lo que se incorporan los elementos necesarios para entregar una calle integral y funcional.<\/p>\n\n\n\n<p class=\"wp-block-paragraph\">Los trabajos en Am\u00e9rica del Centro se suman a la rehabilitaci\u00f3n de la calle Estados Unidos, tambi\u00e9n en la colonia Sat\u00e9lite, que est\u00e1 pr\u00f3xima a concluir. Ambas intervenciones permitir\u00e1n fortalecer la conectividad interna de esta zona y mejorar las condiciones de circulaci\u00f3n para las familias.<\/p>\n\n\n\n<p class=\"wp-block-paragraph\">A trav\u00e9s del programa Vialidades Potosinas 2.0, el Gobierno de la Capital mantiene intervenciones en distintos puntos de San Luis Capital, con acciones que atienden tanto corredores viales como calles de colonias que durante a\u00f1os han requerido pavimentaci\u00f3n.<\/p>\n\n\n\n<p class=\"wp-block-paragraph\">Con estas obras, el Gobierno de la Capital atiende rezagos en infraestructura vial y transforma las condiciones del entorno inmediato de las familias, con intervenciones que incorporan pavimento, accesibilidad, se\u00f1alizaci\u00f3n y elementos necesarios para una movilidad m\u00e1s segura.<\/p>\n","protected":false},"excerpt":{"rendered":"<p>El Gobierno de la Capital inici\u00f3 la rehabilitaci\u00f3n integral de la calle Am\u00e9rica del Centro, en la colonia Sat\u00e9lite, en el tramo de Hait\u00ed a Estados Unidos, donde se construir\u00e1n 1,350 metros cuadrados de nueva estructura de pavimento y carpeta asf\u00e1ltica, adem\u00e1s de banquetas, guarniciones, rampas para personas con discapacidad, pasos peatonales y se\u00f1al\u00e9tica. La [&hellip;]<\/p>\n","protected":false},"author":24,"featured_media":28442,"comment_status":"open","ping_status":"open","sticky":false,"template":"","format":"standard","meta":{"footnotes":""},"categories":[3163],"tags":[],"class_list":["post-28441","post","type-post","status-publish","format-standard","has-post-thumbnail","category-san-luis-potosi"],"_links":{"self":[{"href":"https:\/\/cronicadesoledad.com\/index.php\/wp-json\/wp\/v2\/posts\/28441","targetHints":{"allow":["GET"]}}],"collection":[{"href":"https:\/\/cronicadesoledad.com\/index.php\/wp-json\/wp\/v2\/posts"}],"about":[{"href":"https:\/\/cronicadesoledad.com\/index.php\/wp-json\/wp\/v2\/types\/post"}],"author":[{"embeddable":true,"href":"https:\/\/cronicadesoledad.com\/index.php\/wp-json\/wp\/v2\/users\/24"}],"replies":[{"embeddable":true,"href":"https:\/\/cronicadesoledad.com\/index.php\/wp-json\/wp\/v2\/comments?post=28441"}],"version-history":[{"count":1,"href":"https:\/\/cronicadesoledad.com\/index.php\/wp-json\/wp\/v2\/posts\/28441\/revisions"}],"predecessor-version":[{"id":28443,"href":"https:\/\/cronicadesoledad.com\/index.php\/wp-json\/wp\/v2\/posts\/28441\/revisions\/28443"}],"wp:featuredmedia":[{"embeddable":true,"href":"https:\/\/cronicadesoledad.com\/index.php\/wp-json\/wp\/v2\/media\/28442"}],"wp:attachment":[{"href":"https:\/\/cronicadesoledad.com\/index.php\/wp-json\/wp\/v2\/media?parent=28441"}],"wp:term":[{"taxonomy":"category","embeddable":true,"href":"https:\/\/cronicadesoledad.com\/index.php\/wp-json\/wp\/v2\/categories?post=28441"},{"taxonomy":"post_tag","embeddable":true,"href":"https:\/\/cronicadesoledad.com\/index.php\/wp-json\/wp\/v2\/tags?post=28441"}],"curies":[{"name":"wp","href":"https:\/\/api.w.org\/{rel}","templated":true}]}}