{"id":28444,"date":"2026-09-03T12:04:36","date_gmt":"2026-09-03T18:04:36","guid":{"rendered":"https:\/\/cronicadesoledad.com\/?p=28444"},"modified":"2026-09-03T12:04:36","modified_gmt":"2026-09-03T18:04:36","slug":"explota-pipa-en-valles-rayon","status":"publish","type":"post","link":"https:\/\/cronicadesoledad.com\/index.php\/2026\/09\/03\/explota-pipa-en-valles-rayon\/","title":{"rendered":"Explota pipa en Valles-Ray\u00f3n"},"content":{"rendered":"\n<p class=\"wp-block-paragraph\">Una pipa de doble remolque se incendi\u00f3 la ma\u00f1ana de este jueves sobre la carretera de cuota Valles-Ray\u00f3n, a la altura del kil\u00f3metro 60, en las inmediaciones del poblado Santa Anita. El accidente ocurri\u00f3 alrededor de las 6:00 horas, cuando el operador de un tr\u00e1iler que transportaba dos cisternas perdi\u00f3 el control de la unidad al tomar una curva ubicada antes de llegar a la caseta de cobro de La Pitahaya.<\/p>\n\n\n\n<p class=\"wp-block-paragraph\">El tractocami\u00f3n volc\u00f3 sobre uno de sus costados y posteriormente impact\u00f3 contra la barrera de contenci\u00f3n. Tras el choque, la primera cisterna comenz\u00f3 a incendiarse. Elementos del Cuerpo de Bomberos de Ciudad Valles y de Protecci\u00f3n Civil acudieron al lugar para controlar el fuego y reducir los riesgos relacionados con el material transportado.<\/p>\n\n\n\n<p class=\"wp-block-paragraph\">Las autoridades reportaron que no hubo personas lesionadas como consecuencia del accidente, aunque la unidad sufri\u00f3 cuantiosos da\u00f1os materiales. Hasta el momento no se ha informado oficialmente qu\u00e9 sustancia era transportada en las cisternas ni si el percance provoc\u00f3 afectaciones adicionales a la circulaci\u00f3n en este tramo carretero.<\/p>\n\n\n\n<figure class=\"wp-block-embed is-type-rich is-provider-x wp-block-embed-x\"><div class=\"wp-block-embed__wrapper\">\n<blockquote class=\"twitter-tweet\" data-width=\"550\" data-dnt=\"true\"><p lang=\"es\" dir=\"ltr\"><a href=\"https:\/\/x.com\/hashtag\/Seguridad?src=hash&amp;ref_src=twsrc%5Etfw\">#Seguridad<\/a> | En la carretera de cuota Ray\u00f3n-La Pitahaya se registr\u00f3 el incendio de una pipa de doble remolque, los hechos a la altura del kil\u00f3metro 60 pasando la caseta a la altura del poblado Santa Anita, no se registraron lesionados, solo cuantiosos da\u00f1os materiales.\u2026 <a href=\"https:\/\/t.co\/IvBCF3EotJ\">pic.twitter.com\/IvBCF3EotJ<\/a><\/p>&mdash; C\u00f3digo San Luis (@codigosanluisi) <a href=\"https:\/\/x.com\/codigosanluisi\/status\/2095551510893773140?ref_src=twsrc%5Etfw\">September 3, 2026<\/a><\/blockquote><script async src=\"https:\/\/platform.x.com\/widgets.js\" charset=\"utf-8\"><\/script>\n<\/div><\/figure>\n","protected":false},"excerpt":{"rendered":"<p>Una pipa de doble remolque se incendi\u00f3 la ma\u00f1ana de este jueves sobre la carretera de cuota Valles-Ray\u00f3n, a la altura del kil\u00f3metro 60, en las inmediaciones del poblado Santa Anita. El accidente ocurri\u00f3 alrededor de las 6:00 horas, cuando el operador de un tr\u00e1iler que transportaba dos cisternas perdi\u00f3 el control de la unidad [&hellip;]<\/p>\n","protected":false},"author":24,"featured_media":28445,"comment_status":"open","ping_status":"open","sticky":false,"template":"","format":"standard","meta":{"footnotes":""},"categories":[1,24],"tags":[],"class_list":["post-28444","post","type-post","status-publish","format-standard","has-post-thumbnail","category-destacadas","category-informacion-general"],"_links":{"self":[{"href":"https:\/\/cronicadesoledad.com\/index.php\/wp-json\/wp\/v2\/posts\/28444","targetHints":{"allow":["GET"]}}],"collection":[{"href":"https:\/\/cronicadesoledad.com\/index.php\/wp-json\/wp\/v2\/posts"}],"about":[{"href":"https:\/\/cronicadesoledad.com\/index.php\/wp-json\/wp\/v2\/types\/post"}],"author":[{"embeddable":true,"href":"https:\/\/cronicadesoledad.com\/index.php\/wp-json\/wp\/v2\/users\/24"}],"replies":[{"embeddable":true,"href":"https:\/\/cronicadesoledad.com\/index.php\/wp-json\/wp\/v2\/comments?post=28444"}],"version-history":[{"count":1,"href":"https:\/\/cronicadesoledad.com\/index.php\/wp-json\/wp\/v2\/posts\/28444\/revisions"}],"predecessor-version":[{"id":28446,"href":"https:\/\/cronicadesoledad.com\/index.php\/wp-json\/wp\/v2\/posts\/28444\/revisions\/28446"}],"wp:featuredmedia":[{"embeddable":true,"href":"https:\/\/cronicadesoledad.com\/index.php\/wp-json\/wp\/v2\/media\/28445"}],"wp:attachment":[{"href":"https:\/\/cronicadesoledad.com\/index.php\/wp-json\/wp\/v2\/media?parent=28444"}],"wp:term":[{"taxonomy":"category","embeddable":true,"href":"https:\/\/cronicadesoledad.com\/index.php\/wp-json\/wp\/v2\/categories?post=28444"},{"taxonomy":"post_tag","embeddable":true,"href":"https:\/\/cronicadesoledad.com\/index.php\/wp-json\/wp\/v2\/tags?post=28444"}],"curies":[{"name":"wp","href":"https:\/\/api.w.org\/{rel}","templated":true}]}}