{"id":28447,"date":"2026-09-03T12:46:34","date_gmt":"2026-09-03T18:46:34","guid":{"rendered":"https:\/\/cronicadesoledad.com\/?p=28447"},"modified":"2026-09-03T12:46:34","modified_gmt":"2026-09-03T18:46:34","slug":"masacre-en-atizapan-matan-al-tecladista-de-camilo-septimo-y-a-toda-su-familia","status":"publish","type":"post","link":"https:\/\/cronicadesoledad.com\/index.php\/2026\/09\/03\/masacre-en-atizapan-matan-al-tecladista-de-camilo-septimo-y-a-toda-su-familia\/","title":{"rendered":"\u00a1Masacre en Atizap\u00e1n! Matan al tecladista de Camilo S\u00e9ptimo y a toda su familia"},"content":{"rendered":"\n<p class=\"wp-block-paragraph\">4 personas fueron asesinadas al interior de un departamento ubicado en el fraccionamiento Grand Viure, en Bosques Esmeralda, municipio de Atizap\u00e1n de Zaragoza, Estado de M\u00e9xico. <\/p>\n\n\n\n<p class=\"wp-block-paragraph\">Jonathan Samuel Mel\u00e9ndez Ochoa,&nbsp;tecladista, compositor y uno de los fundadores de Camilo S\u00e9ptimo, fue asesinado&nbsp;junto con&nbsp;integrantes de su familia&nbsp;dentro de su departamento,&nbsp;mientras que&nbsp;un menor fue localizado con vida.<\/p>\n\n\n\n<p class=\"wp-block-paragraph\">De acuerdo con informaci\u00f3n difundida por la Secretar\u00eda de Seguridad y Protecci\u00f3n Ciudadana (SSPC), el hallazgo ocurri\u00f3 alrededor de las 23:50 horas, cuando elementos de la Polic\u00eda Municipal de Atizap\u00e1n de Zaragoza acudieron al inmueble tras recibir el reporte de un homicidio.<\/p>\n\n\n\n<p class=\"wp-block-paragraph\">Las investigaciones de la Fiscal\u00eda General de Justicia del Estado de M\u00e9xico establecieron que los hechos habr\u00edan ocurrido el martes 1 entre las 17:30 y las 19:40 horas. Las indagatorias apuntaron a la probable participaci\u00f3n de dos hombres que presuntamente aprovecharon la relaci\u00f3n de confianza que uno de ellos ten\u00eda con las v\u00edctimas para ingresar al domicilio.<\/p>\n\n\n\n<figure class=\"wp-block-embed is-type-rich is-provider-twitter wp-block-embed-twitter\"><div class=\"wp-block-embed__wrapper\">\n<blockquote class=\"twitter-tweet\" data-width=\"550\" data-dnt=\"true\"><p lang=\"es\" dir=\"ltr\">Hay un dato que vuelve todav\u00eda m\u00e1s estremecedor el caso: un ni\u00f1o de 6 a\u00f1os estaba dentro del departamento y sobrevivi\u00f3.<br><br>Fue localizado con vida y sin signos de violencia. De acuerdo con reportes, permaneci\u00f3 escondido hasta que llegaron las autoridades.<br><br>En el lugar tambi\u00e9n fue\u2026 <a href=\"https:\/\/t.co\/afCb9729gL\">pic.twitter.com\/afCb9729gL<\/a><\/p>&mdash; Luis David Garc\u00eda (@ldgarcia_mkt) <a href=\"https:\/\/x.com\/ldgarcia_mkt\/status\/2095273148425834730?ref_src=twsrc%5Etfw\">September 2, 2026<\/a><\/blockquote><script async src=\"https:\/\/platform.x.com\/widgets.js\" charset=\"utf-8\"><\/script>\n<\/div><\/figure>\n\n\n\n<p class=\"wp-block-paragraph\">Los primeros reportes se\u00f1alan que&nbsp;vecinos escucharon gritos y posibles detonaciones, lo que provoc\u00f3 la llegada de cuerpos de seguridad. Al ingresar al inmueble,&nbsp;polic\u00edas localizaron a las v\u00edctimas en diferentes espacios del departamento.&nbsp;La zona qued\u00f3 bajo resguardo y personal de la FGJEM inici\u00f3 las diligencias para recopilar indicios y reconstruir lo sucedido.<\/p>\n\n\n\n<p class=\"wp-block-paragraph\">En el interior del departamento fueron localizadas cuatro personas sin vida, entre ellas un productor musical y compositor de 38 a\u00f1os, su esposa de 35 a\u00f1os, quien ten\u00eda cuatro meses de embarazo, la hija de ambos, de tres a\u00f1os, y Aleyda Romero, una joven de 21 a\u00f1os trabajadora dom\u00e9stica de la familia. Tambi\u00e9n fue localizado sin vida un perro que pertenec\u00eda a la familia.<\/p>\n\n\n\n<p class=\"wp-block-paragraph\">Las autoridades informaron que dos de las v\u00edctimas fueron encontradas maniatadas. La menor de tres a\u00f1os presentaba un impacto de arma de fuego en la cabeza, mientras que otra de las v\u00edctimas ten\u00eda una lesi\u00f3n producida por arma de fuego en la espalda.<\/p>\n\n\n\n<p class=\"wp-block-paragraph\">En el lugar tambi\u00e9n fue encontrado un ni\u00f1o de seis a\u00f1os con vida, quien, de acuerdo con las autoridades, no presentaba signos de violencia.<\/p>\n\n\n\n<p class=\"wp-block-paragraph\">Como parte de las primeras acciones,&nbsp;las autoridades detuvieron a Diego Sebasti\u00e1n \u2018N\u2019 y Gerardo \u2018N\u2019. El primero fue identificado por la Fiscal\u00eda como \u201csocio\u201d de Jonathan Mel\u00e9ndez y es investigado como probable autor del homicidio m\u00faltiple,&nbsp;mientras que el segundo est\u00e1 bajo investigaci\u00f3n por su posible intervenci\u00f3n.<\/p>\n\n\n\n<p class=\"wp-block-paragraph\">Las autoridades contin\u00faan con las investigaciones para esclarecer el multihomicidio y determinar la responsabilidad de los detenidos conforme avance el proceso correspondiente. Hasta el momento, la Fiscal\u00eda mexiquense no ha informado p\u00fablicamente un m\u00f3vil definitivo, por lo que cualquier versi\u00f3n distinta a las l\u00edneas confirmadas por la autoridad debe considerarse preliminar.<\/p>\n\n\n\n<p class=\"wp-block-paragraph\">La informaci\u00f3n proporcionada por las autoridades tambi\u00e9n se\u00f1ala que&nbsp;uno de los investigados manten\u00eda una relaci\u00f3n de confianza con las v\u00edctimas, circunstancia que habr\u00eda permitido el acceso al domicilio.&nbsp;Sin embargo, hasta el momento&nbsp;no existe una resoluci\u00f3n judicial&nbsp;sobre las responsabilidades ni se ha informado de manera oficial qu\u00e9 habr\u00eda provocado el ataque.<\/p>\n\n\n\n<figure class=\"wp-block-embed is-type-rich is-provider-twitter wp-block-embed-twitter\"><div class=\"wp-block-embed__wrapper\">\n<blockquote class=\"twitter-tweet\" data-width=\"550\" data-dnt=\"true\"><p lang=\"es\" dir=\"ltr\">\u201cTENEMOS un NI\u00d1O!\u201d<br>As\u00ed encontraron los agentes de <a href=\"https:\/\/x.com\/GobAtizapan?ref_src=twsrc%5Etfw\">@GobAtizapan<\/a> y <a href=\"https:\/\/x.com\/SEMAR_mx?ref_src=twsrc%5Etfw\">@SEMAR_mx<\/a> al peque\u00f1o hijo del tecladista de <a href=\"https:\/\/x.com\/CamiloVIImx?ref_src=twsrc%5Etfw\">@CamiloVIImx<\/a> <br>El ni\u00f1o se ocult\u00f3 bajo su cama, mientras el criminal asesinaba a su familia.<br>Por eso se salv\u00f3.<br>Los municipales lo cuidaron, resguardaron e iniciaron la\u2026 <a href=\"https:\/\/t.co\/aYMDM3Yfuz\">pic.twitter.com\/aYMDM3Yfuz<\/a><\/p>&mdash; Carlos Jim\u00e9nez (@c4jimenez) <a href=\"https:\/\/x.com\/c4jimenez\/status\/2095311760316068324?ref_src=twsrc%5Etfw\">September 3, 2026<\/a><\/blockquote><script async src=\"https:\/\/platform.x.com\/widgets.js\" charset=\"utf-8\"><\/script>\n<\/div><\/figure>\n\n\n\n<p class=\"wp-block-paragraph\">El periodista Carlos Jim\u00e9nez, conocido como C4 Jim\u00e9nez,&nbsp;se\u00f1al\u00f3 que el multihomicidio podr\u00eda estar relacionado con una disputa por 300 mil pesos.&nbsp;Seg\u00fan la informaci\u00f3n que difundi\u00f3, Diego Sebasti\u00e1n Rosen manten\u00eda una sociedad con Jonathan Mel\u00e9ndez y&nbsp;habr\u00eda acudido al domicilio de la v\u00edctima debido a que el m\u00fasico presuntamente le entregar\u00eda dicha cantidad de dinero.<\/p>\n\n\n\n<p class=\"wp-block-paragraph\">La versi\u00f3n del periodista indica que durante la reuni\u00f3n se produjo&nbsp;una discusi\u00f3n entre ambos y que el conflicto habr\u00eda derivado en el asesinato del tecladista de Camilo S\u00e9ptimo.<\/p>\n\n\n\n<p class=\"wp-block-paragraph\">Hasta el momento, la posible disputa por los 300 mil pesos&nbsp;no ha sido reconocida oficialmente por la Fiscal\u00eda General de Justicia del Estado de M\u00e9xico como el m\u00f3vil del crimen,&nbsp;por lo que se mantiene como una versi\u00f3n atribuida a Carlos Jim\u00e9nez.<\/p>\n\n\n\n<p class=\"wp-block-paragraph\">Jonathan Samuel Mel\u00e9ndez Ochoa, tambi\u00e9n conocido como \u2018Honas\u2019, ten\u00eda 38 a\u00f1os&nbsp;y&nbsp;formaba parte de la banda Camilo S\u00e9ptimo&nbsp;junto con&nbsp;Manuel \u2018Coe\u2019 Mendoza y Erik V\u00e1zquez.&nbsp;El propio sitio de la agrupaci\u00f3n lo identifica como&nbsp;fundador y responsable de los teclados dentro del proyecto,&nbsp;que inici\u00f3 actividades en 2013 dentro de la escena musical mexicana.<\/p>\n\n\n\n<p class=\"wp-block-paragraph\">Camilo S\u00e9ptimo comenz\u00f3 su&nbsp;trayectoria discogr\u00e1fica con el EP \u2018Maya\u2019 y posteriormente public\u00f3 trabajos como \u2018\u00d3leos\u2019, \u2018Navegantes\u2019, \u2018Ecos\u2019 y \u2018Jard\u00edn de las Almas\u2019.&nbsp;Durante su carrera, el grupo se present\u00f3 en&nbsp;escenarios como el Auditorio Nacional, Teatro Metrop\u00f3litan y Palacio de los Deportes,&nbsp;adem\u00e1s de festivales como&nbsp;Vive Latino y Pa\u2019l Norte.<\/p>\n","protected":false},"excerpt":{"rendered":"<p>4 personas fueron asesinadas al interior de un departamento ubicado en el fraccionamiento Grand Viure, en Bosques Esmeralda, municipio de Atizap\u00e1n de Zaragoza, Estado de M\u00e9xico. Jonathan Samuel Mel\u00e9ndez Ochoa,&nbsp;tecladista, compositor y uno de los fundadores de Camilo S\u00e9ptimo, fue asesinado&nbsp;junto con&nbsp;integrantes de su familia&nbsp;dentro de su departamento,&nbsp;mientras que&nbsp;un menor fue localizado con vida. De [&hellip;]<\/p>\n","protected":false},"author":24,"featured_media":28448,"comment_status":"open","ping_status":"open","sticky":false,"template":"","format":"standard","meta":{"footnotes":""},"categories":[1],"tags":[],"class_list":["post-28447","post","type-post","status-publish","format-standard","has-post-thumbnail","category-destacadas"],"_links":{"self":[{"href":"https:\/\/cronicadesoledad.com\/index.php\/wp-json\/wp\/v2\/posts\/28447","targetHints":{"allow":["GET"]}}],"collection":[{"href":"https:\/\/cronicadesoledad.com\/index.php\/wp-json\/wp\/v2\/posts"}],"about":[{"href":"https:\/\/cronicadesoledad.com\/index.php\/wp-json\/wp\/v2\/types\/post"}],"author":[{"embeddable":true,"href":"https:\/\/cronicadesoledad.com\/index.php\/wp-json\/wp\/v2\/users\/24"}],"replies":[{"embeddable":true,"href":"https:\/\/cronicadesoledad.com\/index.php\/wp-json\/wp\/v2\/comments?post=28447"}],"version-history":[{"count":1,"href":"https:\/\/cronicadesoledad.com\/index.php\/wp-json\/wp\/v2\/posts\/28447\/revisions"}],"predecessor-version":[{"id":28449,"href":"https:\/\/cronicadesoledad.com\/index.php\/wp-json\/wp\/v2\/posts\/28447\/revisions\/28449"}],"wp:featuredmedia":[{"embeddable":true,"href":"https:\/\/cronicadesoledad.com\/index.php\/wp-json\/wp\/v2\/media\/28448"}],"wp:attachment":[{"href":"https:\/\/cronicadesoledad.com\/index.php\/wp-json\/wp\/v2\/media?parent=28447"}],"wp:term":[{"taxonomy":"category","embeddable":true,"href":"https:\/\/cronicadesoledad.com\/index.php\/wp-json\/wp\/v2\/categories?post=28447"},{"taxonomy":"post_tag","embeddable":true,"href":"https:\/\/cronicadesoledad.com\/index.php\/wp-json\/wp\/v2\/tags?post=28447"}],"curies":[{"name":"wp","href":"https:\/\/api.w.org\/{rel}","templated":true}]}}